{"id":108,"date":"2016-06-20T17:22:37","date_gmt":"2016-06-20T16:22:37","guid":{"rendered":"http:\/\/www.roubaixaujourdhuietdemain.fr\/philippedelannoy\/?p=108"},"modified":"2016-06-20T17:23:04","modified_gmt":"2016-06-20T16:23:04","slug":"participation-citoyenne-tous-azimuts","status":"publish","type":"post","link":"https:\/\/www.roubaixaujourdhuietdemain.fr\/philippedelannoy\/2016\/06\/20\/participation-citoyenne-tous-azimuts\/","title":{"rendered":"Participation citoyenne tous azimuts !"},"content":{"rendered":"<p><strong>Participation citoyenne tous azimuts\u00a0!<\/strong><\/p>\n<p>Je suis invit\u00e9\u00a0:<\/p>\n<ul>\n<li>\u00e0 la\u00a0: Fab\u2019Mel \u00ab\u00a0Participation Citoyenne\u00a0\u00bb le 27\/06 rue du Ballon \u00e0 Lille, (j\u2019irai par curiosit\u00e9),<\/li>\n<li>puis au Conseil Citoyen des quartiers Centre, (je laisse M. Bastin repr\u00e9senter l\u2019association que nous animons),<\/li>\n<li>puis au Conseil Citoyen des quartiers Nord le 20\/06 (j\u2019irai par respect de mon engagement mais sans conviction),<\/li>\n<li>puis par la presse pour participer \u00e0 l\u2019h\u00f4tel de ville \u00a0\u00e0 une concertation pour le futur kiosque du parc Barbieux, (je n\u2019\u00e9tais pas libre aussi j\u2019en profite pour donner quelques id\u00e9es en deuxi\u00e8me partie de ce billet),<\/li>\n<li>puis parfois par le Comit\u00e9 de quartier de l\u2019Hommelet,<\/li>\n<li>puis, puis ,puis \u2026<\/li>\n<\/ul>\n<p><strong>C\u2019est la surabondance<\/strong>. <strong>A vouloir organiser de la \u00ab\u00a0Participation Citoyenne\u00a0\u00bb tous azimuts, tout va se d\u00e9liter.<\/strong> Les citoyens seront absents des projets, resteront pr\u00e9sents aux r\u00e9unions en fonction du sujet\u00a0: les politiques, les fonctionnaires administratifs, les associations engag\u00e9es, les groupes de pression.<\/p>\n<p>Si la MEL veut entendre l\u2019avis des citoyens AVANT d\u2019entreprendre un chantier il conviendrait me semble-t-il <strong>qu\u2019elle le soumette \u00ab\u00a0Aux Conseils Citoyens\u00a0\u00bb<\/strong> des villes sous sa juridiction plut\u00f4t que d\u2019organiser des r\u00e9unions parall\u00e8les. C\u2019est ce que j\u2019irai dire le 27\/ 6.<\/p>\n<p>Si les \u00e9lus de la ville de Roubaix souhaitent l\u2019avis des roubaisiens sur l\u2019implantation d\u2019un kiosque au parc Barbieux il conviendrait qu\u2019elle s\u2019adresse \u00e0 tous ses <strong>Conseils Citoyens des Quartiers<\/strong> (le parc est l\u2019affaire de tous) plut\u00f4t que d\u2019organiser des r\u00e9unions en dehors de ce qui devrait-\u00eatre <strong>le premier \u00e9chelon de consultation et de r\u00e9flexion<\/strong>.<\/p>\n<p>Pour le Conseil Citoyen des Quartiers Nord de demain je propose qu\u2019il puisse donner son avis sur l\u2019\u00e9ventuelle implantation d\u2019un kiosque place des Marronniers au Parc Barbieux. Pour ouvrir les \u00e9changes je lance quelques id\u00e9es\u00a0:<\/p>\n<ul>\n<li>Je vois bien l\u2019installation d\u2019une sc\u00e8ne permanente au dos de la r\u00e9sidence Versailles s\u00e9par\u00e9e de l\u2019avenue Le N\u00f4tre par un mur antibruit d\u00e9cor\u00e9 recto\/verso par les artistes de la rue. Le dessous de la sc\u00e8ne pourrait-\u00eatre un local technique accessible par l\u2019avenue Le N\u00f4tre. La sc\u00e8ne regarderait l\u2019espace idyllique de la place des Marronniers. L\u2019objectif deviendrait que cette structure permette toute sorte d\u2019animation culturelle populaire. Pourraient s\u2019y produire\u00a0: spontan\u00e9ment sur simple autorisation d\u2019un m\u00e9diateur en charge des lieux, des artistes en herbe\u00a0: conteur, musicien, chanteur, danseur, saltimbanque, \u2026 \u00a0programm\u00e9 sous autorisation de la Mairie des organisations structur\u00e9es\u00a0: club sportif, choral, orchestre, Esmod, les \u00e9coles proches par exemple pour leur f\u00eate de fin d\u2019ann\u00e9e, \u2026 la ville pourrait organiser des projections de films en soir\u00e9e, \u2026 Un lieu de promotion artistique libre en continu au gr\u00e9 des artistes en formation ou form\u00e9s.<\/li>\n<\/ul>\n<p>Philippe Delannoy, le 20 juin 201<\/p>\n","protected":false},"excerpt":{"rendered":"<p>Participation citoyenne tous azimuts\u00a0! Je suis invit\u00e9\u00a0: \u00e0 la\u00a0: Fab\u2019Mel \u00ab\u00a0Participation Citoyenne\u00a0\u00bb le 27\/06 rue du Ballon \u00e0 Lille, (j\u2019irai par curiosit\u00e9), puis au Conseil Citoyen des quartiers Centre, (je laisse M. Bastin repr\u00e9senter l\u2019association que nous animons), puis au Conseil Citoyen des quartiers Nord le 20\/06 (j\u2019irai par respect de mon engagement mais sans [&hellip;]<\/p>\n","protected":false},"author":2,"featured_media":0,"comment_status":"open","ping_status":"open","sticky":false,"template":"","format":"standard","meta":{"footnotes":""},"categories":[7],"tags":[],"class_list":["post-108","post","type-post","status-publish","format-standard","hentry","category-politique"],"_links":{"self":[{"href":"https:\/\/www.roubaixaujourdhuietdemain.fr\/philippedelannoy\/wp-json\/wp\/v2\/posts\/108","targetHints":{"allow":["GET"]}}],"collection":[{"href":"https:\/\/www.roubaixaujourdhuietdemain.fr\/philippedelannoy\/wp-json\/wp\/v2\/posts"}],"about":[{"href":"https:\/\/www.roubaixaujourdhuietdemain.fr\/philippedelannoy\/wp-json\/wp\/v2\/types\/post"}],"author":[{"embeddable":true,"href":"https:\/\/www.roubaixaujourdhuietdemain.fr\/philippedelannoy\/wp-json\/wp\/v2\/users\/2"}],"replies":[{"embeddable":true,"href":"https:\/\/www.roubaixaujourdhuietdemain.fr\/philippedelannoy\/wp-json\/wp\/v2\/comments?post=108"}],"version-history":[{"count":1,"href":"https:\/\/www.roubaixaujourdhuietdemain.fr\/philippedelannoy\/wp-json\/wp\/v2\/posts\/108\/revisions"}],"predecessor-version":[{"id":110,"href":"https:\/\/www.roubaixaujourdhuietdemain.fr\/philippedelannoy\/wp-json\/wp\/v2\/posts\/108\/revisions\/110"}],"wp:attachment":[{"href":"https:\/\/www.roubaixaujourdhuietdemain.fr\/philippedelannoy\/wp-json\/wp\/v2\/media?parent=108"}],"wp:term":[{"taxonomy":"category","embeddable":true,"href":"https:\/\/www.roubaixaujourdhuietdemain.fr\/philippedelannoy\/wp-json\/wp\/v2\/categories?post=108"},{"taxonomy":"post_tag","embeddable":true,"href":"https:\/\/www.roubaixaujourdhuietdemain.fr\/philippedelannoy\/wp-json\/wp\/v2\/tags?post=108"}],"curies":[{"name":"wp","href":"https:\/\/api.w.org\/{rel}","templated":true}]}}