{"id":115,"date":"2016-09-16T15:35:04","date_gmt":"2016-09-16T14:35:04","guid":{"rendered":"http:\/\/www.roubaixaujourdhuietdemain.fr\/philippedelannoy\/?p=115"},"modified":"2016-09-16T15:35:17","modified_gmt":"2016-09-16T14:35:17","slug":"halte-au-feu","status":"publish","type":"post","link":"https:\/\/www.roubaixaujourdhuietdemain.fr\/philippedelannoy\/2016\/09\/16\/halte-au-feu\/","title":{"rendered":"Halte au feu !"},"content":{"rendered":"<p><strong>Halte au feu\u00a0!<\/strong><\/p>\n<p>Ce titre peu convenir aux 3 sujets distincts que je souhaite soumettre \u00e0 votre r\u00e9flexion.<\/p>\n<p><strong><u>Nouveau \u00ab\u00a0campus GARE\u00a0\u00bb \u00e0 Roubaix.<\/u><\/strong><\/p>\n<p>Je reviens d\u2019une visite de curiosit\u00e9. Entre nous, l\u2019appellation me semble un peu surfaite. Il y a plus de logements pour les \u00e9tudiants que de b\u00e2timents destin\u00e9s aux cours. Mais ce qui m\u2019a choqu\u00e9 c\u2019est le contenu du dialogue que j\u2019ai provoqu\u00e9 avec un groupe d\u2019\u00e9tudiants (es) fra\u00eechement arriv\u00e9s \u00e0 Roubaix\u00a0: \u00ab\u00a0\u2026 pensez-vous organiser vos loisirs sur Roubaix\u00a0? \u2026\u00a0\u00bb. Deux jeunes filles qui arrivent du Sud-ouest de la France me disent\u00a0: \u00ab\u00a0Les enseignants et la police nous ont fortement conseill\u00e9 de ne pas sortir en soir\u00e9e \u00e0 Roubaix\u2026 ils y auraient des viols\u2026\u00a0\u00bb.\u00a0<strong>Halte au feu\u00a0! <\/strong>Si je parcours la presse d\u2019aujourd\u2019hui, je lis\u00a0: course poursuite \u00e0 Moulins <em>Lille<\/em>, 4 pyromanes arr\u00eat\u00e9s <em>\u00e0 Mons<\/em>, voiture incendi\u00e9e \u00e0 <em>Loos<\/em>, exub\u00e9rant et sans permis \u00e0 <em>Hem<\/em>, flagrant d\u00e9lit \u00e0 <em>Tourcoing<\/em>. Pour Roubaix, pr\u00e9sence d\u2019une flaque de sang sans victime.\u00a0Il est urgent pour nos \u00e9diles de r\u00e9unir les enseignants de nos grandes \u00e9coles et les communicants de la police (je parie d\u2019ailleurs que la majorit\u00e9 d\u2019entre eux n\u2019habite pas ou plus Roubaix) et leur demander d\u2019arr\u00eater d\u2019amplifier la rumeur sur notre ville. A Roubaix il y a surtout des grandes gueules et de la pauvret\u00e9 mais les agressions sont plut\u00f4t en moins grand nombre qu\u2019\u00e0 Lille par exemple.<\/p>\n<p><strong><u>Moins 8%, c\u2019est la valeur des biens immobiliers, sur 12 mois, \u00e0 Roubaix.<\/u><\/strong><\/p>\n<p>Sur une \u00e9tude de 800 villes, en France, effectu\u00e9e par le Journal des Finances (6 ao\u00fbt 2016), Roubaix tient le pompon. Aucune autre ville n\u2019a connu une \u00e9volution n\u00e9gative aussi importante du prix moyen de ses appartements et maisons.\u00a0<strong>Halte au feu\u00a0! <\/strong>Nos \u00e9diles devraient s\u2019en inqui\u00e9ter,\u00a0 en chercher les vraies raisons et contrecarrer.<\/p>\n<p><strong><u>Promesse \u00e9lectorale n\u00b03\u00a0: \u00ab\u00a0Ne soutenir aucune augmentation d\u2019imp\u00f4t \u00e0 Lille M\u00e9tropole.\u00a0\u00bb<\/u><\/strong><\/p>\n<p>Fort bien, mais \u00e0 la lecture de l\u2019imp\u00f4t foncier 2016 pour une maison 1930 dans le quartier nord, on constate \u00e0 la rubrique commune et ordures m\u00e9nag\u00e8res respectivement\u00a0 + 1,1 et +0,96 %. Certes le taux n\u2019a pas chang\u00e9 mais subtilement c\u2019est la base d\u2019imposition qui augmente.\u00a0<strong>Halte au feu\u00a0! <\/strong>En finale, il y a bien augmentation alors que la valeur des biens immobiliers \u00e0 Roubaix a perdu en moyenne 8% donc s\u00fbrement plus dans les quartiers Nord. J\u2019attends avec une certaine appr\u00e9hension la taxe d\u2019habitation. Qu\u2019en sera-t-il de la proposition n\u00b02\u00a0? L\u2019an pass\u00e9 elle avait d\u00e9j\u00e0 augment\u00e9 de 0,71%\u00a0; le chemin \u00e0 remonter est donc maintenant de\u00a0 20,71% pour tenir la proposition n\u00b02 \/2014 de moins 20%.<\/p>\n","protected":false},"excerpt":{"rendered":"<p>Halte au feu\u00a0! Ce titre peu convenir aux 3 sujets distincts que je souhaite soumettre \u00e0 votre r\u00e9flexion. Nouveau \u00ab\u00a0campus GARE\u00a0\u00bb \u00e0 Roubaix. Je reviens d\u2019une visite de curiosit\u00e9. Entre nous, l\u2019appellation me semble un peu surfaite. Il y a plus de logements pour les \u00e9tudiants que de b\u00e2timents destin\u00e9s aux cours. Mais ce qui [&hellip;]<\/p>\n","protected":false},"author":2,"featured_media":0,"comment_status":"open","ping_status":"open","sticky":false,"template":"","format":"standard","meta":{"footnotes":""},"categories":[7],"tags":[],"class_list":["post-115","post","type-post","status-publish","format-standard","hentry","category-politique"],"_links":{"self":[{"href":"https:\/\/www.roubaixaujourdhuietdemain.fr\/philippedelannoy\/wp-json\/wp\/v2\/posts\/115","targetHints":{"allow":["GET"]}}],"collection":[{"href":"https:\/\/www.roubaixaujourdhuietdemain.fr\/philippedelannoy\/wp-json\/wp\/v2\/posts"}],"about":[{"href":"https:\/\/www.roubaixaujourdhuietdemain.fr\/philippedelannoy\/wp-json\/wp\/v2\/types\/post"}],"author":[{"embeddable":true,"href":"https:\/\/www.roubaixaujourdhuietdemain.fr\/philippedelannoy\/wp-json\/wp\/v2\/users\/2"}],"replies":[{"embeddable":true,"href":"https:\/\/www.roubaixaujourdhuietdemain.fr\/philippedelannoy\/wp-json\/wp\/v2\/comments?post=115"}],"version-history":[{"count":1,"href":"https:\/\/www.roubaixaujourdhuietdemain.fr\/philippedelannoy\/wp-json\/wp\/v2\/posts\/115\/revisions"}],"predecessor-version":[{"id":116,"href":"https:\/\/www.roubaixaujourdhuietdemain.fr\/philippedelannoy\/wp-json\/wp\/v2\/posts\/115\/revisions\/116"}],"wp:attachment":[{"href":"https:\/\/www.roubaixaujourdhuietdemain.fr\/philippedelannoy\/wp-json\/wp\/v2\/media?parent=115"}],"wp:term":[{"taxonomy":"category","embeddable":true,"href":"https:\/\/www.roubaixaujourdhuietdemain.fr\/philippedelannoy\/wp-json\/wp\/v2\/categories?post=115"},{"taxonomy":"post_tag","embeddable":true,"href":"https:\/\/www.roubaixaujourdhuietdemain.fr\/philippedelannoy\/wp-json\/wp\/v2\/tags?post=115"}],"curies":[{"name":"wp","href":"https:\/\/api.w.org\/{rel}","templated":true}]}}