{"id":118,"date":"2016-10-05T14:48:55","date_gmt":"2016-10-05T13:48:55","guid":{"rendered":"http:\/\/www.roubaixaujourdhuietdemain.fr\/philippedelannoy\/?p=118"},"modified":"2016-10-05T14:49:05","modified_gmt":"2016-10-05T13:49:05","slug":"liberte-liberte-cherie-quand-on-tinstrumentalise","status":"publish","type":"post","link":"https:\/\/www.roubaixaujourdhuietdemain.fr\/philippedelannoy\/2016\/10\/05\/liberte-liberte-cherie-quand-on-tinstrumentalise\/","title":{"rendered":"Libert\u00e9, libert\u00e9 ch\u00e9rie quand on t&rsquo;instrumentalise"},"content":{"rendered":"<p><strong>Libert\u00e9, libert\u00e9 ch\u00e9rie quand on t\u2019instrumentalise.\u00a0\u00a0\u00a0\u00a0\u00a0\u00a0\u00a0\u00a0\u00a0\u00a0\u00a0\u00a0\u00a0\u00a0\u00a0\u00a0\u00a0\u00a0\u00a0\u00a0\u00a0\u00a0\u00a0\u00a0\u00a0\u00a0\u00a0\u00a0\u00a0\u00a0\u00a0\u00a0\u00a0\u00a0\u00a0\u00a0\u00a0\u00a0\u00a0\u00a0\u00a0\u00a0\u00a0\u00a0\u00a0\u00a0\u00a0\u00a0\u00a0\u00a0\u00a0\u00a0 <\/strong>Le 03\/10\/2016<\/p>\n<p>Comme vous, j\u2019ai \u00e9t\u00e9 abreuv\u00e9 (et cela risque de continuer dans le contexte \u00e9lectoral) d\u2019une kyrielle de commentaires sur le burkini. Pour sa d\u00e9fense, l\u2019argument le plus souvent utilis\u00e9 est\u00a0: \u00ab\u00a0C\u2019est notre droit\u00a0de s\u2019habiller comme on le souhaite au pays de la libert\u00e9 et des droits de l\u2019homme.\u00bb A premi\u00e8re vue, c\u2019est irr\u00e9futable, d\u2019ailleurs ce v\u00eatement en soi ne me g\u00eane pas. Sauf que cette fois, il ne s\u2019agit pas d\u2019un effet de mode.<\/p>\n<p>J\u2019ai connu en Europe dans les ann\u00e9es 70 le short ultra court et moulant, puis les seins nus, plus r\u00e9cemment le string qui s\u2019\u00e9chappait du pantalon taille basse et maintenant c\u2019est le jean trou\u00e9 aux genoux qu\u2019il faut porter. Ces\u00a0 modes, \u00e9ph\u00e9m\u00e8res, l\u00e9g\u00e8res, permettent aux jeunes de marquer leur personnalit\u00e9 mais ne v\u00e9hiculent ni religiosit\u00e9, ni h\u00e9g\u00e9monie comme cela est le cas pour les v\u00eatements religieux ostentatoires islamiques. Nous pourrions penser qu\u2019il s\u2019agit d\u2019une obligation coranique cependant ce n\u2019est pas le cas. D\u2019ailleurs, d\u00e8s les ann\u00e9es 1950 de nombreuses familles de religion musulmane se sont install\u00e9es en France et jusqu\u2019en 1980 leurs femmes\u00a0 n\u2019ont pas jug\u00e9 utile de porter le voile et encore moins le burkini, la burqa, le niqab ou le jilbab pour vivre leur foi. Elles \u00e9taient pudiques point.<\/p>\n<p>Plus inacceptable encore, cette mode sp\u00e9cifique islamique n\u2019est pas toujours port\u00e9e librement. La pression de l\u2019entourage an\u00e9antit la libert\u00e9 pour les plus faibles. Pour \u00eatre tranquilles, elles \u00a0finissent par se soumettre. J\u2019ai v\u00e9cu 4 exemples autour de moi. Aujourd\u2019hui, nous sommes dans un autre registre, celui de la conqu\u00eate, men\u00e9e par les islamistes radicaux, qui divise notre soci\u00e9t\u00e9 et d\u00e9truit notre vivre ensemble. Je m\u2019interroge sur le pourquoi du fait suivant\u00a0: \u00e0 la braderie des commer\u00e7ants de Lille centre le 9 septembre 2016 dans la foule il n\u2019y avait aucun voile alors que de retour dans la partie nord de Roubaix j\u2019en croisais \u00e0 chaque instant\u00a0! La v\u00e9rit\u00e9 c\u2019est que dans certains quartiers de jour en jour nous vivons de moins en moins ensemble, nous vivons entre soi, nous nous nourrissons, nous buvons, nous parlons, nous pensons, nous nous habillons, nous c\u00f4toyons diff\u00e9remment. Quand ces six crit\u00e8res se conjuguent la relation est compromise. Trop de \u00a0diff\u00e9rence cimente le communautarisme s\u00e9paratiste. Ce n\u2019est pas ce que le peuple de France souhaite, ce n\u2019est pas ce qu\u2019il a construit apr\u00e8s s\u2019\u00eatre r\u00e9volt\u00e9 en 1789. J\u2019ajouterai que dans les pays sous contr\u00f4le des fondamentalistes islamiques tels que l\u2019Arabie Saoudite ou l\u2019Iran par exemple, sans parler des extr\u00eames\u00a0\u00e0 savoir le califat Syrie\/Irak et le Nig\u00e9ria partie nord, \u00e9trangement on ne parle plus de libert\u00e9 mais de contraintes encadr\u00e9es par la police religieuse. Il convient donc d\u2019anticiper et de\u00a0 prot\u00e9ger notre sph\u00e8re civile de toutes obligations th\u00e9ologiques pr\u00e9tendues. La France l\u2019a fait vis-\u00e0-vis des religions juives et catholiques, elle doit le faire vis-\u00e0-vis de l\u2019Islam.<\/p>\n<p>Les musulmans (nes) r\u00e9formistes de France (et de Roubaix la ville o\u00f9 je milite) doivent casser cette dynamique s\u00e9paratiste. \u00c9tablir un Islam de France devient un imp\u00e9ratif. Ils doivent donner leur adh\u00e9sion aux principes r\u00e9publicains\u00a0: libert\u00e9 d\u2019expression et de critique, \u00e9galit\u00e9 hommes-femmes&#8230; Les fondamentalistes n\u2019ont pas leur place dans notre civilisation europ\u00e9enne. Ils sont d\u2019ailleurs aussi\u00a0 combattus par les progressistes musulmans au Maghreb et au Proche-Orient, ce n\u2019est pas le moment de les laisser prendre davantage racine en France et en Europe. Voici quelques exemples du travail d\u2019intellectuels musulmans qui d\u00e9montent le m\u00e9canisme du faux retour aux sources que d\u00e9fendent les fondamentalistes ainsi que les extr\u00e9mistes de Daech et Boko Haram\u00a0:<\/p>\n<ul>\n<li>l\u2019ouvrage contestataire d\u2019Ali Abderraziq\u00a0; d\u00e8s 1925 ce th\u00e9ologien musulman pr\u00f4ne une s\u00e9paration radicale du spirituel et du temporel. (1)<\/li>\n<li>En juin 1993, le journaliste Farag Foda paye de sa vie l\u2019audace d\u2019avoir \u00e9crit que l\u2019Islam \u00e9tait uniquement religieux et non politique. (2)<\/li>\n<li>En 1996, le Pr. Nasser Abouzeyd de l\u2019universit\u00e9 du Caire publia \u00ab\u00a0Critique du discours religieux\u00a0\u00bb dans lequel il d\u00e9clare la n\u00e9cessit\u00e9 d\u2019introduire dans l\u2019ex\u00e9g\u00e8se coranique une dimension historique\u2026 (3)<\/li>\n<li>l\u2019article du 18\/12\/2015 dans le Monde du Cheikh Supr\u00eame de la confr\u00e9rie turque des Fethullatchis\u00a0: \u00ab\u00a0\u2026il est important pour nous musulmans, de proc\u00e9der \u00e0 un examen critique de notre pratique de l\u2019Islam, \u00e0 la lumi\u00e8re des conditions et des exigences de notre \u00e9poque.\u00bb (4)<\/li>\n<li>le 22\/12\/2015, les muftis du Liban, de Jordanie et d\u2019\u00c9gypte signaient la \u00ab\u00a0D\u00e9claration de Beyrouth pour une information religieuse \u00e9clair\u00e9e\u00a0\u00bb recommandant de cr\u00e9er avec les instances chr\u00e9tiennes un Observatoire du vivre ensemble. (5)<\/li>\n<li>Le 27 janvier 2016, 300 responsables religieux musulmans et non-musulmans de 60 pays r\u00e9unis au Maroc r\u00e9dig\u00e8rent la \u00ab\u00a0D\u00e9claration de Marrakech\u00a0\u00bb prescrivant la n\u00e9cessit\u00e9 pour les intellectuels et la soci\u00e9t\u00e9 civile de favoriser l\u2019\u00e9mergence d\u2019un courant social faisant justice aux minorit\u00e9s religieuses dans les soci\u00e9t\u00e9s musulmanes. (6)<\/li>\n<li>Sans oublier les interventions du Dr Boubakeur, la Coordination des musulmans turcs de France et de nombreux imams musulmans qui condamnent les attentats perp\u00e9tr\u00e9s en France et soutiennent l\u2019id\u00e9e de d\u00e9finir un islam compatible avec la R\u00e9publique fran\u00e7aise.<\/li>\n<li>\u2026 et bien d\u2019autres interventions et prises de position, notamment des femmes musulmanes f\u00e9ministes, sans doute pas suffisamment relay\u00e9es par la presse.<\/li>\n<\/ul>\n<p>Tous ces mouvements intellectuels exigent de s\u00e9parer le temporel du religieux. \u00a0Averro\u00e8s philosophe, th\u00e9ologien, juriste et m\u00e9decin musulman l\u2019avait d\u00e9j\u00e0 initi\u00e9 au 12 \u00e8me si\u00e8cle, 5 si\u00e8cles avant celui des lumi\u00e8res qui lui emboite le pas. Puis les fondamentalistes chiites et sunnites \u00a0(d\u2019ob\u00e9dience salafiste, wahhabite, djihadiste) \u00a0\u00a0ont pris le dessus au Moyen Orient. Ils se sont install\u00e9s dans l\u2019obscurantisme jusqu\u2019\u00e0 engendrer des polices religieuses et pire la totale barbarie de Daech et Boko Haram qui ne sont plus du tout dans la spiritualit\u00e9 du retour aux sources mais dans la conqu\u00eate d\u2019un pouvoir dictatorial sanguinaire sous couvert d\u2019une religion.<\/p>\n<p>Gageons que l\u2019Islam de France sera rapidement en capacit\u00e9 de s\u2019approprier le travail des intellectuels progressifs musulmans qui d\u00e9fendent \u00a0les valeurs de bienveillance et de compr\u00e9hension de l\u2019autre\u00a0suivant les messages du Coran dans les sourates\u00a0:<\/p>\n<ul>\n<li>(X 99) \u00ab\u00a0Si Dieu voulait, tous les hommes de la terre croiraient. Veux-tu contraindre les hommes \u00e0 devenir croyants\u00a0?<\/li>\n<li>(VI 31) \u00ab\u00a0Quand m\u00eame tu \u00e9tendrais la main sur moi pour me tuer je n\u2019\u00e9tendrais pas la mienne pour t\u2019\u00f4ter la vie, car je crains Dieu\u00a0\u00bb.<\/li>\n<li>(XVIII 73) \u00ab\u00a0\u2026 L\u2019inconnu le tua. Eh quoi\u00a0! tu viens de tuer un homme innocent qui n\u2019a tu\u00e9 personne\u00a0! Tu as commis l\u00e0 un acte d\u00e9testable\u00a0\u00bb.<\/li>\n<\/ul>\n<p>Libert\u00e9, libert\u00e9 ch\u00e9rie merci de me permettre de porter ce message de r\u00e9flexion mais aussi de montrer le chemin vers l\u2019apaisement pour qui sait l\u2019entendre. Notre diversit\u00e9 unie autour du m\u00eame drapeau, voil\u00e0 la richesse de nos diff\u00e9rences.<\/p>\n<p>Philippe Delannoy.<\/p>\n<p>Nota\u00a0: l\u2019auteur souhaite que l\u2019\u00e9ventuelle diffusion de cet article se fasse sans coupure. Par contre, il re\u00e7oit volontiers les critiques, les contradictions, il est ouvert au d\u00e9bat.<\/p>\n<p>Source (1-2-3-4-5-6)\u00a0: les publications \u00ab\u00a0\u0152uvre d\u2019Orient\u00a0\u00bb.<\/p>\n","protected":false},"excerpt":{"rendered":"<p>Libert\u00e9, libert\u00e9 ch\u00e9rie quand on t\u2019instrumentalise.\u00a0\u00a0\u00a0\u00a0\u00a0\u00a0\u00a0\u00a0\u00a0\u00a0\u00a0\u00a0\u00a0\u00a0\u00a0\u00a0\u00a0\u00a0\u00a0\u00a0\u00a0\u00a0\u00a0\u00a0\u00a0\u00a0\u00a0\u00a0\u00a0\u00a0\u00a0\u00a0\u00a0\u00a0\u00a0\u00a0\u00a0\u00a0\u00a0\u00a0\u00a0\u00a0\u00a0\u00a0\u00a0\u00a0\u00a0\u00a0\u00a0\u00a0\u00a0\u00a0 Le 03\/10\/2016 Comme vous, j\u2019ai \u00e9t\u00e9 abreuv\u00e9 (et cela risque de continuer dans le contexte \u00e9lectoral) d\u2019une kyrielle de commentaires sur le burkini. Pour sa d\u00e9fense, l\u2019argument le plus souvent utilis\u00e9 est\u00a0: \u00ab\u00a0C\u2019est notre droit\u00a0de s\u2019habiller comme on le souhaite au pays de la libert\u00e9 et des droits de [&hellip;]<\/p>\n","protected":false},"author":2,"featured_media":0,"comment_status":"open","ping_status":"open","sticky":false,"template":"","format":"standard","meta":{"footnotes":""},"categories":[7,2],"tags":[],"class_list":["post-118","post","type-post","status-publish","format-standard","hentry","category-politique","category-vivre-ensemble"],"_links":{"self":[{"href":"https:\/\/www.roubaixaujourdhuietdemain.fr\/philippedelannoy\/wp-json\/wp\/v2\/posts\/118","targetHints":{"allow":["GET"]}}],"collection":[{"href":"https:\/\/www.roubaixaujourdhuietdemain.fr\/philippedelannoy\/wp-json\/wp\/v2\/posts"}],"about":[{"href":"https:\/\/www.roubaixaujourdhuietdemain.fr\/philippedelannoy\/wp-json\/wp\/v2\/types\/post"}],"author":[{"embeddable":true,"href":"https:\/\/www.roubaixaujourdhuietdemain.fr\/philippedelannoy\/wp-json\/wp\/v2\/users\/2"}],"replies":[{"embeddable":true,"href":"https:\/\/www.roubaixaujourdhuietdemain.fr\/philippedelannoy\/wp-json\/wp\/v2\/comments?post=118"}],"version-history":[{"count":1,"href":"https:\/\/www.roubaixaujourdhuietdemain.fr\/philippedelannoy\/wp-json\/wp\/v2\/posts\/118\/revisions"}],"predecessor-version":[{"id":119,"href":"https:\/\/www.roubaixaujourdhuietdemain.fr\/philippedelannoy\/wp-json\/wp\/v2\/posts\/118\/revisions\/119"}],"wp:attachment":[{"href":"https:\/\/www.roubaixaujourdhuietdemain.fr\/philippedelannoy\/wp-json\/wp\/v2\/media?parent=118"}],"wp:term":[{"taxonomy":"category","embeddable":true,"href":"https:\/\/www.roubaixaujourdhuietdemain.fr\/philippedelannoy\/wp-json\/wp\/v2\/categories?post=118"},{"taxonomy":"post_tag","embeddable":true,"href":"https:\/\/www.roubaixaujourdhuietdemain.fr\/philippedelannoy\/wp-json\/wp\/v2\/tags?post=118"}],"curies":[{"name":"wp","href":"https:\/\/api.w.org\/{rel}","templated":true}]}}