{"id":121,"date":"2016-11-01T19:40:44","date_gmt":"2016-11-01T18:40:44","guid":{"rendered":"http:\/\/www.roubaixaujourdhuietdemain.fr\/philippedelannoy\/?p=121"},"modified":"2016-11-01T20:58:14","modified_gmt":"2016-11-01T19:58:14","slug":"la-toussaint-terrain-brulant","status":"publish","type":"post","link":"https:\/\/www.roubaixaujourdhuietdemain.fr\/philippedelannoy\/2016\/11\/01\/la-toussaint-terrain-brulant\/","title":{"rendered":"La Toussaint &#8211; terrain br\u00fblant? &#8211;"},"content":{"rendered":"<p>Un m\u00e9nage ath\u00e9e, cultiv\u00e9 que nous recevions ce 1<sup>er<\/sup> novembre parcourt mon journal Nord \u00e9clair, \u00e9dition Roubaix et ses alentours. Il me dit\u00a0: \u00ab\u00a0C\u2019est\u00a0 \u00e9tonnant que ton quotidien d\u2019information ne dise pas pourquoi nous sommes en cong\u00e9 aujourd\u2019hui. N\u2019a-t\u2019il pas la mission de transmettre aux jeunes g\u00e9n\u00e9rations d\u2019o\u00f9 nous vient cette coutume\u00a0?\u00a0\u00bb.<\/p>\n<p>J\u2019ajouterais, notre histoire est-elle un \u00ab\u00a0d\u00e9chet \u00e0 oublier au fond des tiroirs\u00a0\u00bb, j\u2019y ai pens\u00e9 en lisant la une du journal de ce jour. La Toussaint c\u2019est la f\u00eate de tous les saints (dont de nombreux martyrs). Depuis le concordat de 1801 cette f\u00eate est ch\u00f4m\u00e9e notamment en France. Tout compte fait en y r\u00e9fl\u00e9chissant bien voil\u00e0 une f\u00eate qui pourrait \u00eatre \u0153cum\u00e9nique car des personnes qui ont une vie exemplaire viennent d\u2019un public universel et pas seulement d\u2019une religion. Elles m\u00e9ritent toutes d&rsquo;\u00eatre honor\u00e9es.<\/p>\n","protected":false},"excerpt":{"rendered":"<p>Un m\u00e9nage ath\u00e9e, cultiv\u00e9 que nous recevions ce 1er novembre parcourt mon journal Nord \u00e9clair, \u00e9dition Roubaix et ses alentours. Il me dit\u00a0: \u00ab\u00a0C\u2019est\u00a0 \u00e9tonnant que ton quotidien d\u2019information ne dise pas pourquoi nous sommes en cong\u00e9 aujourd\u2019hui. N\u2019a-t\u2019il pas la mission de transmettre aux jeunes g\u00e9n\u00e9rations d\u2019o\u00f9 nous vient cette coutume\u00a0?\u00a0\u00bb. J\u2019ajouterais, notre histoire [&hellip;]<\/p>\n","protected":false},"author":2,"featured_media":0,"comment_status":"open","ping_status":"open","sticky":false,"template":"","format":"standard","meta":{"footnotes":""},"categories":[2],"tags":[],"class_list":["post-121","post","type-post","status-publish","format-standard","hentry","category-vivre-ensemble"],"_links":{"self":[{"href":"https:\/\/www.roubaixaujourdhuietdemain.fr\/philippedelannoy\/wp-json\/wp\/v2\/posts\/121","targetHints":{"allow":["GET"]}}],"collection":[{"href":"https:\/\/www.roubaixaujourdhuietdemain.fr\/philippedelannoy\/wp-json\/wp\/v2\/posts"}],"about":[{"href":"https:\/\/www.roubaixaujourdhuietdemain.fr\/philippedelannoy\/wp-json\/wp\/v2\/types\/post"}],"author":[{"embeddable":true,"href":"https:\/\/www.roubaixaujourdhuietdemain.fr\/philippedelannoy\/wp-json\/wp\/v2\/users\/2"}],"replies":[{"embeddable":true,"href":"https:\/\/www.roubaixaujourdhuietdemain.fr\/philippedelannoy\/wp-json\/wp\/v2\/comments?post=121"}],"version-history":[{"count":2,"href":"https:\/\/www.roubaixaujourdhuietdemain.fr\/philippedelannoy\/wp-json\/wp\/v2\/posts\/121\/revisions"}],"predecessor-version":[{"id":123,"href":"https:\/\/www.roubaixaujourdhuietdemain.fr\/philippedelannoy\/wp-json\/wp\/v2\/posts\/121\/revisions\/123"}],"wp:attachment":[{"href":"https:\/\/www.roubaixaujourdhuietdemain.fr\/philippedelannoy\/wp-json\/wp\/v2\/media?parent=121"}],"wp:term":[{"taxonomy":"category","embeddable":true,"href":"https:\/\/www.roubaixaujourdhuietdemain.fr\/philippedelannoy\/wp-json\/wp\/v2\/categories?post=121"},{"taxonomy":"post_tag","embeddable":true,"href":"https:\/\/www.roubaixaujourdhuietdemain.fr\/philippedelannoy\/wp-json\/wp\/v2\/tags?post=121"}],"curies":[{"name":"wp","href":"https:\/\/api.w.org\/{rel}","templated":true}]}}