{"id":128,"date":"2017-01-14T19:40:21","date_gmt":"2017-01-14T18:40:21","guid":{"rendered":"http:\/\/www.roubaixaujourdhuietdemain.fr\/philippedelannoy\/?p=128"},"modified":"2017-01-14T19:40:33","modified_gmt":"2017-01-14T18:40:33","slug":"emmanuel-macron-en-meeting-a-lille","status":"publish","type":"post","link":"https:\/\/www.roubaixaujourdhuietdemain.fr\/philippedelannoy\/2017\/01\/14\/emmanuel-macron-en-meeting-a-lille\/","title":{"rendered":"Emmanuel Macron en meeting \u00e0 Lille"},"content":{"rendered":"<p>La droite et la gauche c\u2019est d\u00e9pass\u00e9\u00a0; place aux id\u00e9es. J\u2019ai retrouv\u00e9, \u00e0 l\u2019occasion du meeting d\u2019Emmanuel Macron ce samedi 14 janvier \u00e0 Lille, l\u2019esprit et le contenu qui animaient \u00ab\u00a0Roubaix 2014. Ultime espoir\u00a0\u00bb lors des derni\u00e8res \u00e9lections municipales. Un r\u00e9el espoir qui se l\u00e8ve pour la France et l\u2019Europe. A suivre.<\/p>\n","protected":false},"excerpt":{"rendered":"<p>La droite et la gauche c\u2019est d\u00e9pass\u00e9\u00a0; place aux id\u00e9es. J\u2019ai retrouv\u00e9, \u00e0 l\u2019occasion du meeting d\u2019Emmanuel Macron ce samedi 14 janvier \u00e0 Lille, l\u2019esprit et le contenu qui animaient \u00ab\u00a0Roubaix 2014. Ultime espoir\u00a0\u00bb lors des derni\u00e8res \u00e9lections municipales. Un r\u00e9el espoir qui se l\u00e8ve pour la France et l\u2019Europe. A suivre.<\/p>\n","protected":false},"author":2,"featured_media":0,"comment_status":"open","ping_status":"open","sticky":false,"template":"","format":"standard","meta":{"footnotes":""},"categories":[7],"tags":[],"class_list":["post-128","post","type-post","status-publish","format-standard","hentry","category-politique"],"_links":{"self":[{"href":"https:\/\/www.roubaixaujourdhuietdemain.fr\/philippedelannoy\/wp-json\/wp\/v2\/posts\/128","targetHints":{"allow":["GET"]}}],"collection":[{"href":"https:\/\/www.roubaixaujourdhuietdemain.fr\/philippedelannoy\/wp-json\/wp\/v2\/posts"}],"about":[{"href":"https:\/\/www.roubaixaujourdhuietdemain.fr\/philippedelannoy\/wp-json\/wp\/v2\/types\/post"}],"author":[{"embeddable":true,"href":"https:\/\/www.roubaixaujourdhuietdemain.fr\/philippedelannoy\/wp-json\/wp\/v2\/users\/2"}],"replies":[{"embeddable":true,"href":"https:\/\/www.roubaixaujourdhuietdemain.fr\/philippedelannoy\/wp-json\/wp\/v2\/comments?post=128"}],"version-history":[{"count":1,"href":"https:\/\/www.roubaixaujourdhuietdemain.fr\/philippedelannoy\/wp-json\/wp\/v2\/posts\/128\/revisions"}],"predecessor-version":[{"id":129,"href":"https:\/\/www.roubaixaujourdhuietdemain.fr\/philippedelannoy\/wp-json\/wp\/v2\/posts\/128\/revisions\/129"}],"wp:attachment":[{"href":"https:\/\/www.roubaixaujourdhuietdemain.fr\/philippedelannoy\/wp-json\/wp\/v2\/media?parent=128"}],"wp:term":[{"taxonomy":"category","embeddable":true,"href":"https:\/\/www.roubaixaujourdhuietdemain.fr\/philippedelannoy\/wp-json\/wp\/v2\/categories?post=128"},{"taxonomy":"post_tag","embeddable":true,"href":"https:\/\/www.roubaixaujourdhuietdemain.fr\/philippedelannoy\/wp-json\/wp\/v2\/tags?post=128"}],"curies":[{"name":"wp","href":"https:\/\/api.w.org\/{rel}","templated":true}]}}