{"id":131,"date":"2017-03-14T16:26:27","date_gmt":"2017-03-14T15:26:27","guid":{"rendered":"http:\/\/www.roubaixaujourdhuietdemain.fr\/philippedelannoy\/?p=131"},"modified":"2017-03-14T16:26:41","modified_gmt":"2017-03-14T15:26:41","slug":"les-60-ans-du-traite-de-rome","status":"publish","type":"post","link":"https:\/\/www.roubaixaujourdhuietdemain.fr\/philippedelannoy\/2017\/03\/14\/les-60-ans-du-traite-de-rome\/","title":{"rendered":"les 60 ans du trait\u00e9 de Rome"},"content":{"rendered":"<p>Vingt deux associations ont voulu \u00e0 l\u2019occasion des \u00ab\u00a060 ans du trait\u00e9 de Rome\u00a0\u00bb, acte fondateur de la construction de l\u2019Union europ\u00e9enne, ouvrir un d\u00e9bat, une r\u00e9flexion sur ce que vous souhaitez pour l\u2019Europe.<\/p>\n<p>Plus brutalement\u00a0: \u00ab\u00a0le souverainisme\u00a0\u00bb est-ce la solution d\u2019avenir pour notre continent face aux USA, la Russie, la Chine, l\u2019Inde, le Br\u00e9sil et demain l\u2019Afrique\u00a0?<\/p>\n<p>Vous avez l\u2019occasion de venir forger votre id\u00e9e, dire jusqu\u2019o\u00f9 vous souhaitez agir pour que nos Nations europ\u00e9ennes parlent d\u2019une m\u00eame voix ou \u00e0 l\u2019inverse expliquer pourquoi vous pensez qu\u2019il est pr\u00e9f\u00e9rable de s\u2019enfermer chacun chez soi quitte \u00e0 revivre \u00e0 l\u2019\u00e9chelle mondiale \u00ab\u00a0Waterloo\u00a0\u00bb.<\/p>\n<p>Pour participer, le samedi 18 mars sur Lille, il suffit de vous inscrire aux ateliers citoyens et plus si vous le souhaitez en utilisant ce lien\u00a0: <a href=\"http:\/\/www.etatsgeneraux.eu\">www.etatsgeneraux.eu<\/a><\/p>\n<p>A bient\u00f4t de vous rencontrer sur place.<\/p>\n<p>Philippe Delannoy<\/p>\n","protected":false},"excerpt":{"rendered":"<p>Vingt deux associations ont voulu \u00e0 l\u2019occasion des \u00ab\u00a060 ans du trait\u00e9 de Rome\u00a0\u00bb, acte fondateur de la construction de l\u2019Union europ\u00e9enne, ouvrir un d\u00e9bat, une r\u00e9flexion sur ce que vous souhaitez pour l\u2019Europe. Plus brutalement\u00a0: \u00ab\u00a0le souverainisme\u00a0\u00bb est-ce la solution d\u2019avenir pour notre continent face aux USA, la Russie, la Chine, l\u2019Inde, le Br\u00e9sil [&hellip;]<\/p>\n","protected":false},"author":2,"featured_media":0,"comment_status":"open","ping_status":"open","sticky":false,"template":"","format":"standard","meta":{"footnotes":""},"categories":[4],"tags":[],"class_list":["post-131","post","type-post","status-publish","format-standard","hentry","category-patrimoine"],"_links":{"self":[{"href":"https:\/\/www.roubaixaujourdhuietdemain.fr\/philippedelannoy\/wp-json\/wp\/v2\/posts\/131","targetHints":{"allow":["GET"]}}],"collection":[{"href":"https:\/\/www.roubaixaujourdhuietdemain.fr\/philippedelannoy\/wp-json\/wp\/v2\/posts"}],"about":[{"href":"https:\/\/www.roubaixaujourdhuietdemain.fr\/philippedelannoy\/wp-json\/wp\/v2\/types\/post"}],"author":[{"embeddable":true,"href":"https:\/\/www.roubaixaujourdhuietdemain.fr\/philippedelannoy\/wp-json\/wp\/v2\/users\/2"}],"replies":[{"embeddable":true,"href":"https:\/\/www.roubaixaujourdhuietdemain.fr\/philippedelannoy\/wp-json\/wp\/v2\/comments?post=131"}],"version-history":[{"count":1,"href":"https:\/\/www.roubaixaujourdhuietdemain.fr\/philippedelannoy\/wp-json\/wp\/v2\/posts\/131\/revisions"}],"predecessor-version":[{"id":132,"href":"https:\/\/www.roubaixaujourdhuietdemain.fr\/philippedelannoy\/wp-json\/wp\/v2\/posts\/131\/revisions\/132"}],"wp:attachment":[{"href":"https:\/\/www.roubaixaujourdhuietdemain.fr\/philippedelannoy\/wp-json\/wp\/v2\/media?parent=131"}],"wp:term":[{"taxonomy":"category","embeddable":true,"href":"https:\/\/www.roubaixaujourdhuietdemain.fr\/philippedelannoy\/wp-json\/wp\/v2\/categories?post=131"},{"taxonomy":"post_tag","embeddable":true,"href":"https:\/\/www.roubaixaujourdhuietdemain.fr\/philippedelannoy\/wp-json\/wp\/v2\/tags?post=131"}],"curies":[{"name":"wp","href":"https:\/\/api.w.org\/{rel}","templated":true}]}}