{"id":134,"date":"2017-03-27T17:51:24","date_gmt":"2017-03-27T16:51:24","guid":{"rendered":"http:\/\/www.roubaixaujourdhuietdemain.fr\/philippedelannoy\/?p=134"},"modified":"2017-03-27T18:00:37","modified_gmt":"2017-03-27T17:00:37","slug":"cest-affligeant","status":"publish","type":"post","link":"https:\/\/www.roubaixaujourdhuietdemain.fr\/philippedelannoy\/2017\/03\/27\/cest-affligeant\/","title":{"rendered":"C&rsquo;est affligeant"},"content":{"rendered":"<p><strong>Trois sujets (Transport, Information, Quad), sur la vie de tous les jours, m\u2019ont interpell\u00e9 ces derni\u00e8res semaines\u00a0:<\/strong><\/p>\n<p>1)Transpole en accord avec la MEL change\u00a0 le nom de 9 stations de m\u00e9tro. Prenons un exemple, apr\u00e8s moult r\u00e9unions les dignitaires modifient \u00ab\u00a0Croix- Mairie\u00a0\u00bb en \u00ab\u00a0Mairie de Croix\u00a0\u00bb et ainsi de suite\u2026 si cela n\u2019avait pas un co\u00fbt exorbitant, il n\u2019y aurait rien de m\u00e9chant. Seulement avec l\u2019argent des citoyens il est de coutume de ne pas faire les choses \u00e0 moiti\u00e9. Il n\u2019est pas question de poser des petits autocollants modificatifs. Aussi, si vous ajoutez au coup du temps de travail des grands penseurs, le remplacement des panneaux didactiques, les flyers et leur distribution en sortie de station\u2026 la facture doit tourner entre 300.000 et 500.000 \u20ac.<\/p>\n<p>Deux observations\u00a0: 1)\u00a0la d\u00e9mocratie participative c\u2019est actuellement la grande affaire dans nos villes et \u00e0 la MEL or, il ne me semble pas que les citoyens aient \u00e9t\u00e9 consult\u00e9s. 2)\u00e0 partir de cet exemple, on peut convenir qu\u2019il ne serait pas dommageable pour le citoyen de r\u00e9duire un \u00a0peu le nombre de fonctionnaires territoriaux dans certain secteur.<\/p>\n<p>2) Je m\u2019\u00e9trangle au petit d\u00e9jeuner en lisant l\u2019article de M. Rebischung \u00a0dans le Nord \u00c9clair du 26 mars. Il \u00e9crit, sic \u00ab\u00a0Hier \u00e9taient c\u00e9l\u00e9br\u00e9s les 60 ans du trait\u00e9 de Rome. Mais pas pr\u00e8s de chez nous.\u00a0\u00bb et d\u2019insister dans l\u2019article \u00ab\u00a0Rien\u00a0\u00bb. Je pense qu\u2019apr\u00e8s ce que je vais vous dire il se rapprochera de sa direction pour obtenir une page compl\u00e8te rectificative qui relatera avec l\u2019aide des organisateurs des manifestations ce qui fut organis\u00e9 dans la r\u00e9gion.<\/p>\n<p>En effet, la c\u00e9l\u00e9bration des 60 ans du trait\u00e9 de Rome a \u00e9t\u00e9 marqu\u00e9e dans la R\u00e9gion par\u00a0:<\/p>\n<ul>\n<li>la 6<sup>\u00e8me<\/sup> \u00e9dition des \u00c9tats G\u00e9n\u00e9raux de l\u2019Europe le samedi 18 mars de 10 h \u00e0 17 h cl\u00f4tur\u00e9e par des festivit\u00e9s jusque 23 h.<\/li>\n<li>L\u2019euro-d\u00e9bat \u00e0 l\u2019EDHEC le mercredi 22 mars r\u00e9unissant des personnalit\u00e9s de premier plan.<\/li>\n<li>Les comp\u00e9titions sportives europ\u00e9ennes rassemblant des \u00e9quipes d\u2019\u00e9tudiants le jeudi 23 mars suivi \u00e0 Arras par une conf\u00e9rence.<\/li>\n<li>L\u2019Europe et les jeunes\u00a0: une rencontre de coll\u00e9giens, lyc\u00e9ens, \u00e9tudiants du sup\u00e9rieur avec les acteurs de l\u2019Europe\u00a0: d\u00e9put\u00e9s, assistants, membres de la commission le vendredi 24 mars.<\/li>\n<\/ul>\n<p>Tous ceux qui le pouvaient financi\u00e8rement \u00e9taient invit\u00e9s \u00e0 se retrouver \u00e0 Rome, le samedi 25 mars, pour participer aux \u00a0c\u00e9r\u00e9monies de cl\u00f4ture en comm\u00e9moration des 60 ans du trait\u00e9 de Rome.<\/p>\n<p>Comment notre presse r\u00e9gionale, qui nous parle \u00e0 longueur de semaine des opposants \u00e0 la construction de l\u2019Union europ\u00e9enne, peut-elle louper de telles manifestations r\u00e9gionales et \u00a0s\u2019enfoncer par de la d\u00e9sinformation\u00a0? Je terminerai par une phrase que j\u2019ai entendue au cours des d\u00e9bats \u00e0 Lille\u00a0: \u00ab\u00a0L\u2019Europe c\u2019est le continent des matins calmes\u00a0\u00bb. A m\u00e9diter au regard des guerres qui s\u00e9vissent partout ailleurs.<\/p>\n<p>3) Les Quads qui tuent, qui blessent et rendent \u00ab\u00a0bourriques\u00a0\u00bb les citoyens. Le maire de Roubaix se dit d\u00e9muni, j\u2019ai d\u00e9j\u00e0 entendu la police le dire \u00e9galement. Nous avons deux d\u00e9put\u00e9s et un s\u00e9nateur, ils repr\u00e9sentent notre r\u00e9gion dans les Chambres, n\u2019est ce pas \u00e0 eux qu\u2019il conviendrait de s\u2019adresser afin qu\u2019ils proposent et d\u00e9fendent une loi qui donnerait aux autorit\u00e9s les moyens juridiques de les interdire de circulation en ville. Nous aimerions avoir connaissance des demandes officielles qui leur auraient \u00e9t\u00e9 ou qui leur seront adress\u00e9es.<\/p>\n","protected":false},"excerpt":{"rendered":"<p>Trois sujets (Transport, Information, Quad), sur la vie de tous les jours, m\u2019ont interpell\u00e9 ces derni\u00e8res semaines\u00a0: 1)Transpole en accord avec la MEL change\u00a0 le nom de 9 stations de m\u00e9tro. Prenons un exemple, apr\u00e8s moult r\u00e9unions les dignitaires modifient \u00ab\u00a0Croix- Mairie\u00a0\u00bb en \u00ab\u00a0Mairie de Croix\u00a0\u00bb et ainsi de suite\u2026 si cela n\u2019avait pas un [&hellip;]<\/p>\n","protected":false},"author":2,"featured_media":0,"comment_status":"open","ping_status":"open","sticky":false,"template":"","format":"standard","meta":{"footnotes":""},"categories":[8,7,6],"tags":[],"class_list":["post-134","post","type-post","status-publish","format-standard","hentry","category-cadre-de-vie","category-politique","category-presse"],"_links":{"self":[{"href":"https:\/\/www.roubaixaujourdhuietdemain.fr\/philippedelannoy\/wp-json\/wp\/v2\/posts\/134","targetHints":{"allow":["GET"]}}],"collection":[{"href":"https:\/\/www.roubaixaujourdhuietdemain.fr\/philippedelannoy\/wp-json\/wp\/v2\/posts"}],"about":[{"href":"https:\/\/www.roubaixaujourdhuietdemain.fr\/philippedelannoy\/wp-json\/wp\/v2\/types\/post"}],"author":[{"embeddable":true,"href":"https:\/\/www.roubaixaujourdhuietdemain.fr\/philippedelannoy\/wp-json\/wp\/v2\/users\/2"}],"replies":[{"embeddable":true,"href":"https:\/\/www.roubaixaujourdhuietdemain.fr\/philippedelannoy\/wp-json\/wp\/v2\/comments?post=134"}],"version-history":[{"count":2,"href":"https:\/\/www.roubaixaujourdhuietdemain.fr\/philippedelannoy\/wp-json\/wp\/v2\/posts\/134\/revisions"}],"predecessor-version":[{"id":136,"href":"https:\/\/www.roubaixaujourdhuietdemain.fr\/philippedelannoy\/wp-json\/wp\/v2\/posts\/134\/revisions\/136"}],"wp:attachment":[{"href":"https:\/\/www.roubaixaujourdhuietdemain.fr\/philippedelannoy\/wp-json\/wp\/v2\/media?parent=134"}],"wp:term":[{"taxonomy":"category","embeddable":true,"href":"https:\/\/www.roubaixaujourdhuietdemain.fr\/philippedelannoy\/wp-json\/wp\/v2\/categories?post=134"},{"taxonomy":"post_tag","embeddable":true,"href":"https:\/\/www.roubaixaujourdhuietdemain.fr\/philippedelannoy\/wp-json\/wp\/v2\/tags?post=134"}],"curies":[{"name":"wp","href":"https:\/\/api.w.org\/{rel}","templated":true}]}}