{"id":1363,"date":"2022-02-22T22:27:00","date_gmt":"2022-02-22T21:27:00","guid":{"rendered":"https:\/\/www.roubaixaujourdhuietdemain.fr\/philippedelannoy\/?p=1363"},"modified":"2022-02-22T23:02:09","modified_gmt":"2022-02-22T22:02:09","slug":"tombons-le-voile","status":"publish","type":"post","link":"https:\/\/www.roubaixaujourdhuietdemain.fr\/philippedelannoy\/2022\/02\/22\/tombons-le-voile\/","title":{"rendered":"Tombons le \u00ab\u00a0Voile\u00a0\u00bb"},"content":{"rendered":"\n<p><strong>Avec un peu de recul, ce que pense un roubaisien de 80 ans de l\u2019\u00e9mission \u00ab\u00a0Zone Interdite sur l\u2019Islam radical \u00e0 Roubaix\u00a0\u00bb.<\/strong><\/p>\n<p>Il s\u2019agit d\u2019un reportage sur un sujet donn\u00e9. <span style=\"background-color: #ffff00;\">Bien s\u00fbr que Roubaix ce n\u2019est pas que cela<\/span> mais \u00e7a en fait partie. Tout ce qui est positif n\u2019\u00e9tait pas \u00e0 l\u2019ordre du jour. Il ne faut pas le reprocher \u00e0 la journaliste. D\u2019ailleurs, si vous voulez voir l\u2019antith\u00e8se de ce reportage regarder la vid\u00e9o \u00ab\u00a0Roubaix contre-enqu\u00eate\u00a0\u00bb. Ce qui se vit \u00e0 Roubaix au quotidien n\u2019est pas bien retransmis, ni dans l\u2019un, ni dans l\u2019autre de ces deux reportages. Maintenant si vous regardez la vid\u00e9o \u00ab\u00a0Roubaix. Petit voyage chez les remplac\u00e9s\u00a0\u00bb vous commencerez \u00e0 avoir une vue d\u2019ensemble.<\/p>\n<p>Revenons \u00e0 l\u2019\u00e9mission et son focus sur la rue de Lannoy. Ne nous plaignons pas car la journaliste aurait pu ajouter\u00a0: l\u2019Epeule, la Fosse aux ch\u00eanes \u2026 d\u2019une mani\u00e8re g\u00e9n\u00e9rale les quartiers Nord, Est, Ouest. Trouvez-moi dans ces quartiers une seule boucherie traditionnelle o\u00f9 je pourrais acheter un travers de porc\u00a0: je suis preneur.<\/p>\n<p>Ce n\u2019est pas juste de reprocher \u00e0 Oph\u00e9lie Meunier d\u2019avoir op\u00e9r\u00e9 en cam\u00e9ra cach\u00e9e. Chacun de nous sait pertinemment que les portes lui seraient rest\u00e9es ferm\u00e9es. Elle n\u2019aurait pas pu filmer librement les d\u00e9rives de l\u2019islam radical. La v\u00e9rit\u00e9 aurait \u00e9t\u00e9 travestie.<\/p>\n<p>Par contre, c\u2019est <u>irraisonnable<\/u> de dire que Roubaix c\u2019est l\u2019Afghanistan \u00e0 2 heures de Paris. Mais dire qu\u2019un remplacement de civilisation s\u2019op\u00e8re progressivement \u00e0 Roubaix c\u2019est un fait. Dans ma rue par exemple \u00e0 l\u2019Hommelet pratiquement tous les visages qui m\u2019entourent ont chang\u00e9 depuis que j\u2019y habite (1984). Ce qui \u00e9tait commun dans les ann\u00e9es 1970 aux habitants de cette ville ne l\u2019est plus dans sa globalit\u00e9, au moins dans les quartiers Nord, Est, Ouest. A commencer par la religion, la langue, la mode, voire certaines valeurs morales je pense par exemple aux droits des femmes.<\/p>\n<p>Toutefois, personnellement je ne vis pas la peur au ventre dans mon quartier transform\u00e9, simplement je constate. Certes je c\u00f4toie les incivilit\u00e9s et de nombreux points de vente de drogues mais je ne connais pas de zone de non droit. Jusqu\u2019\u00e0 pr\u00e9sent je vais partout sans \u00eatre importun\u00e9 avec un b\u00e9mol ce n\u2019est pas la m\u00eame chose pour une jeune fille un peu trop habill\u00e9e \u00e0 la mode europ\u00e9enne.<\/p>\n<p>On nous oppose les bienfaits de la diversit\u00e9 c\u2019est-\u00e0-dire ce qui nous rend plus ouvert, plus compr\u00e9hensif. <u>Voil\u00e0 \u00e0 mon sens o\u00f9 le b\u00e2t blesse avec l\u2019Islam radical qui entra\u00eene toute une population vers moins d\u2019ouverture, moins de compr\u00e9hension, moins de tol\u00e9rance.<\/u> En 2014 au cours de la campagne municipale j\u2019avais traduit le risque de la d\u00e9rive par le dessin repris dans le texte.<\/p>\n<p>Oui, il y a bien dans notre ville des intol\u00e9rances cons\u00e9cutives \u00e0 la pression religieuse islamique. Elles s\u2019amplifient progressivement. C\u2019est inqui\u00e9tant. Quelques exemples v\u00e9cus personnellement\u00a0:<\/p>\n<ul>\n<li>En 2006, \u00e0 la suite d\u2019une op\u00e9ration chirurgicale, l\u2019assurance nous avait adress\u00e9 une aide \u00e0 domicile voil\u00e9e \u00ab Fatima \u00bb. Elle connaissait tr\u00e8s mal notre langue, je lui ai propos\u00e9 des cours. Elle \u00e9tait enchant\u00e9e et tr\u00e8s r\u00e9ceptive. Elle venait de perdre son mari c\u2019est son fr\u00e8re qui l\u2019a chapeaut\u00e9e. Tr\u00e8s vite il l\u2019a somm\u00e9e de stopper les cours.<\/li>\n<li>Avant le covid, pour mon \u00e9pouse au travail la poign\u00e9e de main, ce simple geste de communication, et la bise n\u2019\u00e9taient plus accept\u00e9es pendant le Ramadan par son coll\u00e8gue musulman.<\/li>\n<li>Pr\u00e8s de chez moi un homme dans la force de l\u2019\u00e2ge est all\u00e9 chercher une jeune femme en Alg\u00e9rie. A son arriv\u00e9e elle \u00e9tait toute pimpante, non voil\u00e9e. Six mois plus tard elle portait le voile et progressivement je l\u2019ai vu d\u00e9p\u00e9rir. Sa vie n\u2019est pas tr\u00e8s gaie me dit-elle, sa belle-famille l\u2019\u00e9touffe. Une autre voisine a fait la une dans un mensuel avec son jilbab blanc. Elle a \u00e9t\u00e9 r\u00e9pudi\u00e9e, une semaine plus tard je la croisais dans Roubaix elle avait abandonn\u00e9 le jilbab pour une tenue europ\u00e9enne. Une libert\u00e9 retrouv\u00e9e.<\/li>\n<li>En 2014 Baya qui travaillait chez nous avait peur pour moi, elle me disait apr\u00e8s avoir vu le dessin au d\u00e9but du texte : \u00ab m\u00e9fiez-vous vous allez avoir des ennuis vous savez moi je suis rejet\u00e9e par une partie de ma communaut\u00e9. Elle me reproche d\u2019\u00eatre une mauvaise musulmane parce que je ne veux pas porter le voile \u00bb.\u00a0<\/li>\n<li>En 2015 un ami musulman a voulu tenir un caf\u00e9 restaurant dans le quartier Nord, il servait \u00e0 ceux qui le souhaitaient de l\u2019alcool. Des \u00ab\u00a0barbus\u00a0\u00bb comme il les nomme sont venus lui dire que dans ce quartier un musulman ne doit pas servir de l\u2019alcool. Il a d\u00fb fermer son commerce pour avoir la paix.<\/li>\n<li>En 2017, ma bijouti\u00e8re, Grand-rue a \u00e9t\u00e9 insult\u00e9e parce qu\u2019elle buvait de l\u2019eau pendant le Ramadan. Depuis elle a ferm\u00e9 son commerce et a quitt\u00e9 Roubaix.<\/li>\n<li>Je suis tr\u00e8s proche d\u2019un jeune p\u00e8re de famille musulman. Quand il vient manger \u00e0 la maison mon \u00e9pouse lui cuisine de la viande halal et on ne lui sert pas d\u2019alcool. Par contre, quand il nous invite chez lui l\u2019alcool est proscrit pour nous. Nous faisons des concessions, il n\u2019en fait pas.<\/li>\n<li>Abdel est venu travailler chez moi, il aimait la bi\u00e8re. Quand je lui donnais une canette avant de quitter la maison il la cachait pour ne pas \u00eatre discrimin\u00e9 par ses amis musulmans. Ils n\u2019appr\u00e9cieraient pas, me disait-il.<\/li>\n<li>Lors d\u2019une f\u00eate de l\u2019A\u00efd au parc du Brondeloire, il y a quelques ann\u00e9es le journal Nord Eclair rapportait que le pr\u00e9dicateur avait demand\u00e9 aux hommes d\u2019inviter leurs \u00e9pouses \u00e0 porter le voile. La pression\u00a0!<\/li>\n<li>Aux derni\u00e8res \u00e9lections municipales, au bureau 123, la Pr\u00e9sidente portait le hijab alors qu\u2019\u00e0 son poste tout signe religieux est interdit. Au repas depuis quelques temps, la mairie ne proposait plus dans ce quartier ni sandwich au jambon, ni de la bi\u00e8re pour l\u2019accompagner\u00a0! Il a fallu batailler pour au moins retrouver le sandwich jambon au deuxi\u00e8me tour des derni\u00e8res \u00e9lections.<\/li>\n<li>Hier une jeune musulmane qui vient d\u2019ouvrir une p\u00e2tisserie \u00e0 Roubaix me dit gratuitement\u00a0: \u00ab\u00a0Je n\u2019aime pas vivre en France\u00a0\u00bb. Mais alors pourquoi est-elle venue !<\/li>\n<li>R\u00e9cemment je visitais un musulman \u00e0 la prison de Sequedin. Je hais les fran\u00e7ais me dit-il, je lui demande alors pourquoi il est venu en France. Pour vous em. . . . . . me r\u00e9pond -il\u00a0!<\/li>\n<\/ul>\n<p><span style=\"background-color: #ffff00;\">Les personnes nomm\u00e9es ci-dessus (les pr\u00e9noms ont \u00e9t\u00e9 modifi\u00e9s) n\u2019ont rien \u00e0 voir avec des terroristes, elles sont simplement victimes d\u2019un communautarisme sous influence religieuse. Une influence telle qu\u2019elle ne favorise pas le vrai vivre ensemble. Progressivement nous vivons c\u00f4te \u00e0 c\u00f4te.<\/span><\/p>\n<p>Il me semble qu\u2019il faut \u00eatre attentif \u00e0 ces pressions religieuses et \u0153uvrer tous ensemble pour qu\u2019elles soient combattues. Des films tels que\u00a0: \u00ab Le jeune Ahmed\u00a0\u00bb des fr\u00e8res Dardenne ou \u00ab\u00a0L\u2019Adieu \u00e0 la nuit\u00a0\u00bb d\u2019Andr\u00e9 T\u00e9chin\u00e9\u00a0\u00bb font prendre conscience de ce qui peut advenir si on se laisse entra\u00eener par la radicalisation d\u2019une religion quelle qu\u2019elle soit. Dans la religion musulmane par exemple la sourate 9 \u00ab\u00a0AT-Tawbah (129 versets) interpr\u00e9t\u00e9e au premier degr\u00e9 peut devenir une catastrophe pour des esprits manipul\u00e9s verset 5\u00a0: \u00ab\u00a0\u2026 tuer les associateurs o\u00f9 que vous les trouvez\u2026\u00a0\u00bb, verset 23\u00a0:\u00a0\u00ab\u00a0Ne prenez pas pour alli\u00e9s vos p\u00e8res et fr\u00e8res s\u2019ils pr\u00e9f\u00e8rent la m\u00e9cr\u00e9ance \u00e0 la foi\u00a0\u00bb. Dieu merci les esprits avertis retiendront plut\u00f4t le verset 91\u00a0: \u00ab\u00a0Allah est pardonneur et Mis\u00e9ricordieux\u00a0\u00bb.<\/p>\n<p>Quand j\u2019\u00e9tais jeune, le catholicisme \u00e9tait omnipr\u00e9sent \u00e0 Roubaix. Les adeptes \u00e9taient s\u00fbrs de d\u00e9tenir la v\u00e9rit\u00e9, l\u2019unique, la vraie. Dans cette communaut\u00e9 le divorce, l\u2019avortement, l\u2019homosexualit\u00e9 n\u2019\u00e9taient pas accept\u00e9s. La pression familiale faisait que la brebis \u00e9gar\u00e9e \u00e9tait pri\u00e9e de revenir dans le rang. Il \u00e9tait inconcevable pour une femme d\u2019aller \u00e0 la messe sans se couvrir les cheveux, les repr\u00e9sentants du culte catholique portaient des v\u00eatements \u00e0 signification religieuse et ils \u00e9taient nombreux \u00e0 Roubaix. Vient alors l\u2019av\u00e8nement du Concile \u00ab\u00a0Vatican II\u00a0\u00bb ouvert en 1962 et fini en 1965. Un bouleversement, <u>l\u2019\u00e9glise reconna\u00eet alors des \u00e9l\u00e9ments de v\u00e9rit\u00e9 dans les autres religions, ouvre \u00e0 la tol\u00e9rance<\/u>. En outre, le plus grand nombre de clercs, de cur\u00e9s, de religieuses quitte leur tenue religieuse dans l\u2019espace publique. Leur foi cherche \u00e0 se traduire par des actes en accord avec l\u2019Evangile et non plus par du superflu vestimentaire.<\/p>\n<p>Pour que tout le monde puisse vivre sans la pression d\u2019une communaut\u00e9 dans le cas pr\u00e9sent aujourd\u2019hui musulmane, je r\u00eave\u00a0: que dans l\u2019espace public les musulmanes finissent par retirer leurs v\u00eatements \u00e0 connotation religieuse, les hommes leur qamis pour les r\u00e9server \u00e0 la pratique religieuse chez eux et dans les mosqu\u00e9es, que les boucheries de quartier proposent toutes sortes de viandes.<\/p>\n<p><span style=\"background-color: #ffff00;\">Si toutes les religions pouvaient se vivre chez soi dans l\u2019intimit\u00e9 des c\u0153urs nous vivrions mieux la fraternit\u00e9. Un reportage comme celui de M6 Zone Interdite sur l\u2019islam radical n\u2019aurait plus raison d\u2019\u00eatre parce que l\u2019Islam radical reculerait de lui-m\u00eame.<\/span><\/p>\n<p>Tout cela ne m\u2019emp\u00eache pas d\u2019aimer ma ville parce qu\u2019elle a de belles propositions culturelles \u00e0 offrir et surtout elle est peupl\u00e9e de personnes simples au grand c\u0153ur, solidaires et je ne voudrais pas que son visage change parce qu\u2019il serait abim\u00e9 par un obscurantisme prosp\u00e9rant.<\/p>\n\n\n\n<figure class=\"wp-block-image size-large\"><a href=\"https:\/\/www.roubaixaujourdhuietdemain.fr\/philippedelannoy\/wp-content\/uploads\/2022\/02\/civisme-laicite-corr-1.jpg\"><img loading=\"lazy\" decoding=\"async\" width=\"1024\" height=\"391\" src=\"https:\/\/www.roubaixaujourdhuietdemain.fr\/philippedelannoy\/wp-content\/uploads\/2022\/02\/civisme-laicite-corr-1-1024x391.jpg\" alt=\"\" class=\"wp-image-1366\" srcset=\"https:\/\/www.roubaixaujourdhuietdemain.fr\/philippedelannoy\/wp-content\/uploads\/2022\/02\/civisme-laicite-corr-1-1024x391.jpg 1024w, https:\/\/www.roubaixaujourdhuietdemain.fr\/philippedelannoy\/wp-content\/uploads\/2022\/02\/civisme-laicite-corr-1-300x115.jpg 300w, https:\/\/www.roubaixaujourdhuietdemain.fr\/philippedelannoy\/wp-content\/uploads\/2022\/02\/civisme-laicite-corr-1-768x293.jpg 768w, https:\/\/www.roubaixaujourdhuietdemain.fr\/philippedelannoy\/wp-content\/uploads\/2022\/02\/civisme-laicite-corr-1-1536x586.jpg 1536w, https:\/\/www.roubaixaujourdhuietdemain.fr\/philippedelannoy\/wp-content\/uploads\/2022\/02\/civisme-laicite-corr-1-2048x782.jpg 2048w, https:\/\/www.roubaixaujourdhuietdemain.fr\/philippedelannoy\/wp-content\/uploads\/2022\/02\/civisme-laicite-corr-1-624x238.jpg 624w\" sizes=\"auto, (max-width: 1024px) 100vw, 1024px\" \/><\/a><\/figure>\n\n\n\n\n","protected":false},"excerpt":{"rendered":"<p>Avec un peu de recul, ce que pense un roubaisien de 80 ans de l\u2019\u00e9mission \u00ab\u00a0Zone Interdite sur l\u2019Islam radical \u00e0 Roubaix\u00a0\u00bb. Il s\u2019agit d\u2019un reportage sur un sujet donn\u00e9. Bien s\u00fbr que Roubaix ce n\u2019est pas que cela mais \u00e7a en fait partie. Tout ce qui est positif n\u2019\u00e9tait pas \u00e0 l\u2019ordre du jour. [&hellip;]<\/p>\n","protected":false},"author":2,"featured_media":0,"comment_status":"open","ping_status":"open","sticky":false,"template":"","format":"standard","meta":{"footnotes":""},"categories":[1,2],"tags":[],"class_list":["post-1363","post","type-post","status-publish","format-standard","hentry","category-non-classe","category-vivre-ensemble"],"_links":{"self":[{"href":"https:\/\/www.roubaixaujourdhuietdemain.fr\/philippedelannoy\/wp-json\/wp\/v2\/posts\/1363","targetHints":{"allow":["GET"]}}],"collection":[{"href":"https:\/\/www.roubaixaujourdhuietdemain.fr\/philippedelannoy\/wp-json\/wp\/v2\/posts"}],"about":[{"href":"https:\/\/www.roubaixaujourdhuietdemain.fr\/philippedelannoy\/wp-json\/wp\/v2\/types\/post"}],"author":[{"embeddable":true,"href":"https:\/\/www.roubaixaujourdhuietdemain.fr\/philippedelannoy\/wp-json\/wp\/v2\/users\/2"}],"replies":[{"embeddable":true,"href":"https:\/\/www.roubaixaujourdhuietdemain.fr\/philippedelannoy\/wp-json\/wp\/v2\/comments?post=1363"}],"version-history":[{"count":1,"href":"https:\/\/www.roubaixaujourdhuietdemain.fr\/philippedelannoy\/wp-json\/wp\/v2\/posts\/1363\/revisions"}],"predecessor-version":[{"id":1367,"href":"https:\/\/www.roubaixaujourdhuietdemain.fr\/philippedelannoy\/wp-json\/wp\/v2\/posts\/1363\/revisions\/1367"}],"wp:attachment":[{"href":"https:\/\/www.roubaixaujourdhuietdemain.fr\/philippedelannoy\/wp-json\/wp\/v2\/media?parent=1363"}],"wp:term":[{"taxonomy":"category","embeddable":true,"href":"https:\/\/www.roubaixaujourdhuietdemain.fr\/philippedelannoy\/wp-json\/wp\/v2\/categories?post=1363"},{"taxonomy":"post_tag","embeddable":true,"href":"https:\/\/www.roubaixaujourdhuietdemain.fr\/philippedelannoy\/wp-json\/wp\/v2\/tags?post=1363"}],"curies":[{"name":"wp","href":"https:\/\/api.w.org\/{rel}","templated":true}]}}