{"id":1380,"date":"2022-06-04T17:39:00","date_gmt":"2022-06-04T16:39:00","guid":{"rendered":"https:\/\/www.roubaixaujourdhuietdemain.fr\/philippedelannoy\/?p=1380"},"modified":"2022-06-04T17:39:01","modified_gmt":"2022-06-04T16:39:01","slug":"la-nupes-a-roubaix-wattrelos-juin-2022","status":"publish","type":"post","link":"https:\/\/www.roubaixaujourdhuietdemain.fr\/philippedelannoy\/2022\/06\/04\/la-nupes-a-roubaix-wattrelos-juin-2022\/","title":{"rendered":"La Nupes \u00e0 Roubaix \/ Wattrelos juin 2022"},"content":{"rendered":"\n<p><strong>La Nupes \u00e0 Roubaix \/ Wattrelos, M. Guiraud soutien de M. M\u00e9lenchon.<\/strong><\/p>\n<p>Evidement en promettant un salaire net de 1500 \u20ac, des cr\u00e9ations d\u2019emploi par centaines de mille, un remboursement des soins m\u00e9dicaux \u00e0 100%, la garantie d\u2019un emploi stable, un logement aux sans abris \u2026 qui ne s\u2019enthousiasmerait pas pour La Nupes\u00a0! Eh bien Moi\u00a0! et je vous dis pourquoi.<\/p>\n<p>J\u2019ai une r\u00e9pulsion vis-\u00e0-vis de ceux qui se servent du manque de culture \u00e9conomique des plus d\u00e9munis pour leur donner de faux espoirs. Je prends pour exemple le SMIC net qui serait port\u00e9 \u00e0 1500 \u20ac. Certes il le fera, merci M. M\u00e9lenchon. Seulement que se passera-t-il\u00a0? Le patron pour payer les nouveaux salaires augmentera ses prix, ses fournisseurs feront de m\u00eame et 6 mois plus tard non seulement il n\u2019y aura plus trace de cette fausse avanc\u00e9e mais nos entreprises seront moins comp\u00e9titives \u00e0 l\u2019exportation. Cons\u00e9quence, elles perdront des march\u00e9s et le ch\u00f4mage repartira \u00e0 la hausse et pour survivre les fran\u00e7ais les plus pauvres ach\u00e8teront les produits moins chers venant de Chine ou de l\u2019Inde. Mais il bloquera les prix me direz-vous peut-\u00eatre mais dans ce cas les faillites d\u2019entreprises se multiplieront. En d\u00e9finitive, qui trinqueront les plus pauvres, les plus riches eux ne verront pas la diff\u00e9rence car ils ont de la marge.<\/p>\n<p>Les plus anciens ont bien connu cela lors du \u00ab\u00a0programme commun\u00a0\u00bb de 1981. D\u2019une part, cette politique n\u2019a pas pu durer au-del\u00e0 de 2 ans, d\u2019autre part, si elle avait \u00e9t\u00e9 salutaire plus personne n\u2019aurait besoin de se plaindre aujourd\u2019hui. Il faut fuir ces contes de f\u00e9es. La seule fa\u00e7on d\u2019augmenter les salaires sans que cela nous soit repris aussi vite c\u2019est de travailler \u00e0 am\u00e9liorer une productivit\u00e9 de qualit\u00e9, innover, r\u00e9duire les charges, int\u00e9resser le salari\u00e9 \u00e0 la productivit\u00e9 et aux b\u00e9n\u00e9fices, vendre \u00e0 l\u2019exportation.<\/p>\n<p>Maintenant si nous parlions de la retraite \u00e0 60 ans propos\u00e9e par les deux extr\u00eames gauche et droite. Savez-vous qu\u2019entre 1981 et 2021 les humaines en France ont gagn\u00e9 10 ans de plus d\u2019esp\u00e9rance de vie. Il faut donc payer en moyenne 10 ans de plus les retraites tout en voyant le nombre de travailleur diminuer. Equation impossible. Mais il vous dira nous allons prendre l\u2019argent aux riches. Oui, une ou deux fois car quand ils seront tondus il n\u2019y aura plus rien \u00e0 prendre et la dictature s\u2019installera. C\u2019est comme cela que l\u2019union sovi\u00e9tique s\u2019est effondr\u00e9e en 1989.<\/p>\n<p>Entre nous pourvu que les fran\u00e7ais ne se laissent pas aveugler par le miroir aux alouettes vendu par La Nupes.<\/p>\n<p>Un peu d\u2019humour noir pour finir. M. M\u00e9lenchon n\u2019a-t-il pas 71 ans, il faisait partie de ces rares fran\u00e7ais qui avec un patrimoine de 1.400.000 \u20ac (1075 fois un smic mensuel) et une retraite de ministre pouvait partir tr\u00e8s confortable \u00e0 la retraite \u00e0 60 ans. Place aux jeunes. M. David GUIRAUD qui nous vient des Lilas dans le 93 n\u2019est-il pas le fils de Daniel Guiraud cadre du PS aux multiples fonctions r\u00e9mun\u00e9ratrices. Autant dire qu\u2019il est n\u00e9 une petite cuill\u00e8re d\u2019argent dans la bouche. Que vient-il faire dans l\u2019une des villes les plus pauvres de France, qu\u2019il ne conna\u00eet pas, sinon que s\u2019assurer une place confortable de d\u00e9put\u00e9 \u00e0 l\u2019assembl\u00e9e. Pensez-vous sinc\u00e8rement qu\u2019une fois \u00e9lu vous le verrez \u00e0 Roubaix \/ Wattrelos\u00a0!<\/p>\n<p>\u00a0<\/p>\n","protected":false},"excerpt":{"rendered":"<p>La Nupes \u00e0 Roubaix \/ Wattrelos, M. Guiraud soutien de M. M\u00e9lenchon. Evidement en promettant un salaire net de 1500 \u20ac, des cr\u00e9ations d\u2019emploi par centaines de mille, un remboursement des soins m\u00e9dicaux \u00e0 100%, la garantie d\u2019un emploi stable, un logement aux sans abris \u2026 qui ne s\u2019enthousiasmerait pas pour La Nupes\u00a0! Eh bien [&hellip;]<\/p>\n","protected":false},"author":2,"featured_media":0,"comment_status":"open","ping_status":"open","sticky":false,"template":"","format":"standard","meta":{"footnotes":""},"categories":[5,7],"tags":[],"class_list":["post-1380","post","type-post","status-publish","format-standard","hentry","category-elections","category-politique"],"_links":{"self":[{"href":"https:\/\/www.roubaixaujourdhuietdemain.fr\/philippedelannoy\/wp-json\/wp\/v2\/posts\/1380","targetHints":{"allow":["GET"]}}],"collection":[{"href":"https:\/\/www.roubaixaujourdhuietdemain.fr\/philippedelannoy\/wp-json\/wp\/v2\/posts"}],"about":[{"href":"https:\/\/www.roubaixaujourdhuietdemain.fr\/philippedelannoy\/wp-json\/wp\/v2\/types\/post"}],"author":[{"embeddable":true,"href":"https:\/\/www.roubaixaujourdhuietdemain.fr\/philippedelannoy\/wp-json\/wp\/v2\/users\/2"}],"replies":[{"embeddable":true,"href":"https:\/\/www.roubaixaujourdhuietdemain.fr\/philippedelannoy\/wp-json\/wp\/v2\/comments?post=1380"}],"version-history":[{"count":1,"href":"https:\/\/www.roubaixaujourdhuietdemain.fr\/philippedelannoy\/wp-json\/wp\/v2\/posts\/1380\/revisions"}],"predecessor-version":[{"id":1381,"href":"https:\/\/www.roubaixaujourdhuietdemain.fr\/philippedelannoy\/wp-json\/wp\/v2\/posts\/1380\/revisions\/1381"}],"wp:attachment":[{"href":"https:\/\/www.roubaixaujourdhuietdemain.fr\/philippedelannoy\/wp-json\/wp\/v2\/media?parent=1380"}],"wp:term":[{"taxonomy":"category","embeddable":true,"href":"https:\/\/www.roubaixaujourdhuietdemain.fr\/philippedelannoy\/wp-json\/wp\/v2\/categories?post=1380"},{"taxonomy":"post_tag","embeddable":true,"href":"https:\/\/www.roubaixaujourdhuietdemain.fr\/philippedelannoy\/wp-json\/wp\/v2\/tags?post=1380"}],"curies":[{"name":"wp","href":"https:\/\/api.w.org\/{rel}","templated":true}]}}