{"id":1391,"date":"2022-07-10T18:27:17","date_gmt":"2022-07-10T17:27:17","guid":{"rendered":"https:\/\/www.roubaixaujourdhuietdemain.fr\/philippedelannoy\/?p=1391"},"modified":"2022-07-10T18:27:18","modified_gmt":"2022-07-10T17:27:18","slug":"russie-ukraine-juillet-2022","status":"publish","type":"post","link":"https:\/\/www.roubaixaujourdhuietdemain.fr\/philippedelannoy\/2022\/07\/10\/russie-ukraine-juillet-2022\/","title":{"rendered":"Russie \/ Ukraine juillet 2022"},"content":{"rendered":"\n<p>J\u2019entends une petite musique qui consisterait \u00e0 dire que l\u2019Ukraine serait de tout temps un territoire faisant partie de la Russie. J\u2019ai fait des recherches. Voici ce que j\u2019ai d\u00e9couvert.<\/p>\n\n\n\n<p>En r\u00e9alit\u00e9, ces terres sont de longues dates revendiqu\u00e9es par de conqu\u00eates guerri\u00e8res. Cela commence avec les Wikings (760). <em>Une parenth\u00e8se pour la petite histoire&nbsp;: en mai 1051 le roi Henri 1er de France a \u00e9pous\u00e9 la princesse Anne de Kiev. Anne la catholique est devenue reine et r\u00e9gente de France de 1051 \u00e0 1060.<\/em> <em>Elle est la m\u00e8re du roi Philippe 1<sup>er<\/sup><\/em>. Vers 1238 ce sont les Mongoles qui interviennent puis les Turc vers 1475. C\u2019est avec les Cosaques que na\u00eet l\u2019Ukraine 1670\/1773. C\u2019est alors que Catherine II de Russie se rappelle des territoires conquis nagu\u00e8re par Ivan le Terrible elle les reprend, Nicolas 1<sup>er <\/sup>prolonge son action. Ce dernier inqui\u00e8te les turcs, les anglais et les fran\u00e7ais. C\u2019est la guerre de Crim\u00e9e. Elle n\u2019est pas un succ\u00e8s pour le tsar.<\/p>\n\n\n\n<p><strong>Il s\u2019en suit le mouvement national Ukrainien qui revendique la langue ukrainienne (1917\/1921). L\u2019Ukraine \u00e9tait bien ind\u00e9pendante avant l\u2019Union sovi\u00e9tique, elle avait m\u00eame son si\u00e8ge aux Nations Unies, elle l\u2019a m\u00eame gard\u00e9e pendant la p\u00e9riode sovi\u00e9tique.<\/strong><\/p>\n\n\n\n<p>Le peuple Ukrainien n\u2019oublie pas qu\u2019il a \u00e9t\u00e9 affam\u00e9 par les russes \u00e0 l\u2019\u00e9poque de Staline 1932\/1933 entra\u00eenant 5 millions de morts. L\u2019\u00e9glise ukrainienne n\u2019oublie pas que de nombreux pr\u00eates, fid\u00e8les et la totalit\u00e9 des \u00e9v\u00eaques sauf un ont \u00e9t\u00e9 assassin\u00e9s par les communistes sovi\u00e9tiques. La grande majorit\u00e9 des ukrainiens 90% aspire \u00e0 la d\u00e9mocratie, Poutine ne l\u2019accepte pas.<\/p>\n\n\n\n<p>Aussi on peut dire que l\u2019agression de la Russie vis-\u00e0-vis de l\u2019Ukraine ne date pas d\u2019aujourd\u2019hui. Sans d\u00e9tour en 2014 Poutine a bien agress\u00e9 le peuple Ukrainien souverain, ce dernier souffre comme jamais. Actuellement, 2 petits enfants ukrainiens meurent chaque jour sous les bombes russes&nbsp;; les adultes c\u2019est par centaines. Le peuple ukrainien m\u00e9rite notre solidarit\u00e9.<\/p>\n\n\n\n<p>Vous avez sans doute entendu parler qu\u2019un \u00e9lu municipal moscovite, M. Alexe\u00ef Gorinov, a os\u00e9 en avril dernier s\u2019exprimer en d\u00e9non\u00e7ant ce qu\u2019il consid\u00e9rait comme une agression de son pays envers l\u2019Ukraine. R\u00e9sultat 7 ans de d\u00e9tention dans une colonie p\u00e9nitentiaire. Voil\u00e0 ce qu\u2019est une vraie dictature. On en est loin en France malgr\u00e9 ce que certains disent.<\/p>\n\n\n\n<p>Honte \u00e0 Poutine et sa clique.<\/p>\n\n\n","protected":false},"excerpt":{"rendered":"<p>J\u2019entends une petite musique qui consisterait \u00e0 dire que l\u2019Ukraine serait de tout temps un territoire faisant partie de la Russie. J\u2019ai fait des recherches. Voici ce que j\u2019ai d\u00e9couvert. En r\u00e9alit\u00e9, ces terres sont de longues dates revendiqu\u00e9es par de conqu\u00eates guerri\u00e8res. Cela commence avec les Wikings (760). Une parenth\u00e8se pour la petite histoire&nbsp;: [&hellip;]<\/p>\n","protected":false},"author":2,"featured_media":0,"comment_status":"open","ping_status":"open","sticky":false,"template":"","format":"standard","meta":{"footnotes":""},"categories":[7],"tags":[],"class_list":["post-1391","post","type-post","status-publish","format-standard","hentry","category-politique"],"_links":{"self":[{"href":"https:\/\/www.roubaixaujourdhuietdemain.fr\/philippedelannoy\/wp-json\/wp\/v2\/posts\/1391","targetHints":{"allow":["GET"]}}],"collection":[{"href":"https:\/\/www.roubaixaujourdhuietdemain.fr\/philippedelannoy\/wp-json\/wp\/v2\/posts"}],"about":[{"href":"https:\/\/www.roubaixaujourdhuietdemain.fr\/philippedelannoy\/wp-json\/wp\/v2\/types\/post"}],"author":[{"embeddable":true,"href":"https:\/\/www.roubaixaujourdhuietdemain.fr\/philippedelannoy\/wp-json\/wp\/v2\/users\/2"}],"replies":[{"embeddable":true,"href":"https:\/\/www.roubaixaujourdhuietdemain.fr\/philippedelannoy\/wp-json\/wp\/v2\/comments?post=1391"}],"version-history":[{"count":1,"href":"https:\/\/www.roubaixaujourdhuietdemain.fr\/philippedelannoy\/wp-json\/wp\/v2\/posts\/1391\/revisions"}],"predecessor-version":[{"id":1392,"href":"https:\/\/www.roubaixaujourdhuietdemain.fr\/philippedelannoy\/wp-json\/wp\/v2\/posts\/1391\/revisions\/1392"}],"wp:attachment":[{"href":"https:\/\/www.roubaixaujourdhuietdemain.fr\/philippedelannoy\/wp-json\/wp\/v2\/media?parent=1391"}],"wp:term":[{"taxonomy":"category","embeddable":true,"href":"https:\/\/www.roubaixaujourdhuietdemain.fr\/philippedelannoy\/wp-json\/wp\/v2\/categories?post=1391"},{"taxonomy":"post_tag","embeddable":true,"href":"https:\/\/www.roubaixaujourdhuietdemain.fr\/philippedelannoy\/wp-json\/wp\/v2\/tags?post=1391"}],"curies":[{"name":"wp","href":"https:\/\/api.w.org\/{rel}","templated":true}]}}