{"id":1393,"date":"2022-08-15T14:49:58","date_gmt":"2022-08-15T13:49:58","guid":{"rendered":"https:\/\/www.roubaixaujourdhuietdemain.fr\/philippedelannoy\/?p=1393"},"modified":"2022-08-15T14:49:59","modified_gmt":"2022-08-15T13:49:59","slug":"le-camion-des-etoiles-a-roubaix","status":"publish","type":"post","link":"https:\/\/www.roubaixaujourdhuietdemain.fr\/philippedelannoy\/2022\/08\/15\/le-camion-des-etoiles-a-roubaix\/","title":{"rendered":"Le \u00ab\u00a0Camion\u00a0\u00bb des \u00e9toiles \u00e0 Roubaix"},"content":{"rendered":"\n<p>Notre couple est \u00e0 chaque fois \u00e9poustoufl\u00e9 quand il se rend pour une soir\u00e9e dans cette petite association de quartier nich\u00e9e dans le quartier pauvre de l\u2019Alma (7 rue Archim\u00e8de). Comment cette petite \u00e9quipe de b\u00e9n\u00e9voles <strong>sans subvention compl\u00e9mentaire de la mairie pour les activit\u00e9s d\u2019\u00e9t\u00e9, sans \u00e9cho dans la presse<\/strong> peut organiser des soir\u00e9es d\u2019une telle qualit\u00e9 au milieu du mois d\u2019ao\u00fbt. Soir\u00e9e tout public sans chichi. C\u2019\u00e9tait le cas ce samedi 13.<\/p>\n\n\n\n<figure class=\"wp-block-image size-large\"><a href=\"https:\/\/www.roubaixaujourdhuietdemain.fr\/philippedelannoy\/wp-content\/uploads\/2022\/08\/IMG_20220813_195135_9-2-scaled.jpg\"><img loading=\"lazy\" decoding=\"async\" width=\"768\" height=\"1024\" src=\"https:\/\/www.roubaixaujourdhuietdemain.fr\/philippedelannoy\/wp-content\/uploads\/2022\/08\/IMG_20220813_195135_9-2-768x1024.jpg\" alt=\"\" class=\"wp-image-1394\" srcset=\"https:\/\/www.roubaixaujourdhuietdemain.fr\/philippedelannoy\/wp-content\/uploads\/2022\/08\/IMG_20220813_195135_9-2-768x1024.jpg 768w, https:\/\/www.roubaixaujourdhuietdemain.fr\/philippedelannoy\/wp-content\/uploads\/2022\/08\/IMG_20220813_195135_9-2-225x300.jpg 225w, https:\/\/www.roubaixaujourdhuietdemain.fr\/philippedelannoy\/wp-content\/uploads\/2022\/08\/IMG_20220813_195135_9-2-1152x1536.jpg 1152w, https:\/\/www.roubaixaujourdhuietdemain.fr\/philippedelannoy\/wp-content\/uploads\/2022\/08\/IMG_20220813_195135_9-2-1536x2048.jpg 1536w, https:\/\/www.roubaixaujourdhuietdemain.fr\/philippedelannoy\/wp-content\/uploads\/2022\/08\/IMG_20220813_195135_9-2-624x832.jpg 624w, https:\/\/www.roubaixaujourdhuietdemain.fr\/philippedelannoy\/wp-content\/uploads\/2022\/08\/IMG_20220813_195135_9-2-scaled.jpg 1920w\" sizes=\"auto, (max-width: 768px) 100vw, 768px\" \/><\/a><\/figure>\n\n\n\n<p>Un couple de la Cie A Corpo nous offre une proposition danse\/cirque pour imaginer un monde meilleur. Suit une sc\u00e8ne ouverte o\u00f9 pendant deux heures se produisent de artistes en herbe&nbsp;: Thouryla, El\u00e9onore, Ana\u00efs, les jeunes danseuses Kenza et Julie puis des com\u00e9diens de rue&nbsp;: le duo Le\u00efla \/ Ana\u00efs, Lydie (auteur compositeur), Christian (Le mot et la chose), Fabien, Fran\u00e7oise (le corps), Nicolas et enfin deux musiciens aux talents exceptionnels Guillaume et <strong>Thomas (une oreille d\u2019or).<\/strong> Tout public nous vous disions&nbsp;; la concr\u00e9tisation sera le chapeau des saltimbanques, chacun participe selon ses moyens.<\/p>\n\n\n\n<p>Pour finir ceux qui le d\u00e9sirent se retrouvent pour un repas aux saveurs africaines pour la modique somme de 6 \u20ac. Un cadeau du cuisinier Saliou Dialli major de sa promo \u00e0 la formation des m\u00e9tiers de l\u2019h\u00f4tellerie.<\/p>\n\n\n\n<p>Derri\u00e8re toutes ces propositions se trouvent une famille g\u00e9n\u00e9reuse&nbsp;: Arila, Nicolas, Le\u00efla qui tire le diable par la queue mais \u00e0 l\u2019enthousiasme intact. Honneur \u00e0 eux.<\/p>\n\n\n\n<p>\u00c7a tombe bien <strong>samedi prochain le 20 ao\u00fbt<\/strong> vous pouvez les honorer. <strong>Une nouvelle soir\u00e9e exceptionnelle vous est offerte \u00e0 partir de 18 h. Le groupe Manouche \u00ab&nbsp;AL OVNI&nbsp;\u00bb vous propose son r\u00e9pertoire de la chanson fran\u00e7aise&nbsp;: Brassens, Claude Nougaro, Adamo, Sans\u00e9v\u00e9rino etc.<\/strong> <strong>Venez nombreux. <\/strong>A la suite du spectacle vous pourrez partager un repas Antillais si vous le d\u00e9sirez&nbsp;: participation 6 \u20ac.<\/p>\n\n\n\n<p>Marie et Philippe passionn\u00e9s du v\u00e9ritable \u00ab&nbsp;vivre ensemble&nbsp;\u00bb \u00e0 Roubaix.<\/p>\n\n\n\n<p>Pour conna\u00eetre les \u00e9v\u00e9nements futurs laissez votre adresse courriel ou votre num\u00e9ro de t\u00e9l\u00e9phone \u00e0 Nicolas Daquin&nbsp;: assolecamion@gmail.com<\/p>\n\n\n\n\n\n<figure class=\"wp-block-image size-large\"><a href=\"https:\/\/www.roubaixaujourdhuietdemain.fr\/philippedelannoy\/wp-content\/uploads\/2022\/08\/IMG_20220813_200320_3-2-scaled.jpg\"><img loading=\"lazy\" decoding=\"async\" width=\"1024\" height=\"876\" src=\"https:\/\/www.roubaixaujourdhuietdemain.fr\/philippedelannoy\/wp-content\/uploads\/2022\/08\/IMG_20220813_200320_3-2-1024x876.jpg\" alt=\"\" class=\"wp-image-1395\" srcset=\"https:\/\/www.roubaixaujourdhuietdemain.fr\/philippedelannoy\/wp-content\/uploads\/2022\/08\/IMG_20220813_200320_3-2-1024x876.jpg 1024w, https:\/\/www.roubaixaujourdhuietdemain.fr\/philippedelannoy\/wp-content\/uploads\/2022\/08\/IMG_20220813_200320_3-2-300x257.jpg 300w, https:\/\/www.roubaixaujourdhuietdemain.fr\/philippedelannoy\/wp-content\/uploads\/2022\/08\/IMG_20220813_200320_3-2-768x657.jpg 768w, https:\/\/www.roubaixaujourdhuietdemain.fr\/philippedelannoy\/wp-content\/uploads\/2022\/08\/IMG_20220813_200320_3-2-1536x1314.jpg 1536w, https:\/\/www.roubaixaujourdhuietdemain.fr\/philippedelannoy\/wp-content\/uploads\/2022\/08\/IMG_20220813_200320_3-2-2048x1752.jpg 2048w, https:\/\/www.roubaixaujourdhuietdemain.fr\/philippedelannoy\/wp-content\/uploads\/2022\/08\/IMG_20220813_200320_3-2-624x534.jpg 624w\" sizes=\"auto, (max-width: 1024px) 100vw, 1024px\" \/><\/a><\/figure>\n\n\n\n<figure class=\"wp-block-image size-large\"><a href=\"https:\/\/www.roubaixaujourdhuietdemain.fr\/philippedelannoy\/wp-content\/uploads\/2022\/08\/IMG_20220813_202243_6-2.jpg\"><img loading=\"lazy\" decoding=\"async\" width=\"653\" height=\"1024\" src=\"https:\/\/www.roubaixaujourdhuietdemain.fr\/philippedelannoy\/wp-content\/uploads\/2022\/08\/IMG_20220813_202243_6-2-653x1024.jpg\" alt=\"\" class=\"wp-image-1396\" srcset=\"https:\/\/www.roubaixaujourdhuietdemain.fr\/philippedelannoy\/wp-content\/uploads\/2022\/08\/IMG_20220813_202243_6-2-653x1024.jpg 653w, https:\/\/www.roubaixaujourdhuietdemain.fr\/philippedelannoy\/wp-content\/uploads\/2022\/08\/IMG_20220813_202243_6-2-191x300.jpg 191w, https:\/\/www.roubaixaujourdhuietdemain.fr\/philippedelannoy\/wp-content\/uploads\/2022\/08\/IMG_20220813_202243_6-2-768x1204.jpg 768w, https:\/\/www.roubaixaujourdhuietdemain.fr\/philippedelannoy\/wp-content\/uploads\/2022\/08\/IMG_20220813_202243_6-2-980x1536.jpg 980w, https:\/\/www.roubaixaujourdhuietdemain.fr\/philippedelannoy\/wp-content\/uploads\/2022\/08\/IMG_20220813_202243_6-2-1307x2048.jpg 1307w, https:\/\/www.roubaixaujourdhuietdemain.fr\/philippedelannoy\/wp-content\/uploads\/2022\/08\/IMG_20220813_202243_6-2-624x978.jpg 624w, https:\/\/www.roubaixaujourdhuietdemain.fr\/philippedelannoy\/wp-content\/uploads\/2022\/08\/IMG_20220813_202243_6-2.jpg 1624w\" sizes=\"auto, (max-width: 653px) 100vw, 653px\" \/><\/a><\/figure>\n\n\n\n<figure class=\"wp-block-image size-large\"><a href=\"https:\/\/www.roubaixaujourdhuietdemain.fr\/philippedelannoy\/wp-content\/uploads\/2022\/08\/IMG_20220813_205239_1-2-scaled.jpg\"><img loading=\"lazy\" decoding=\"async\" width=\"1024\" height=\"452\" src=\"https:\/\/www.roubaixaujourdhuietdemain.fr\/philippedelannoy\/wp-content\/uploads\/2022\/08\/IMG_20220813_205239_1-2-1024x452.jpg\" alt=\"\" class=\"wp-image-1397\" srcset=\"https:\/\/www.roubaixaujourdhuietdemain.fr\/philippedelannoy\/wp-content\/uploads\/2022\/08\/IMG_20220813_205239_1-2-1024x452.jpg 1024w, https:\/\/www.roubaixaujourdhuietdemain.fr\/philippedelannoy\/wp-content\/uploads\/2022\/08\/IMG_20220813_205239_1-2-300x132.jpg 300w, https:\/\/www.roubaixaujourdhuietdemain.fr\/philippedelannoy\/wp-content\/uploads\/2022\/08\/IMG_20220813_205239_1-2-768x339.jpg 768w, https:\/\/www.roubaixaujourdhuietdemain.fr\/philippedelannoy\/wp-content\/uploads\/2022\/08\/IMG_20220813_205239_1-2-1536x677.jpg 1536w, https:\/\/www.roubaixaujourdhuietdemain.fr\/philippedelannoy\/wp-content\/uploads\/2022\/08\/IMG_20220813_205239_1-2-2048x903.jpg 2048w, https:\/\/www.roubaixaujourdhuietdemain.fr\/philippedelannoy\/wp-content\/uploads\/2022\/08\/IMG_20220813_205239_1-2-624x275.jpg 624w\" sizes=\"auto, (max-width: 1024px) 100vw, 1024px\" \/><\/a><\/figure>\n\n\n\n<figure class=\"wp-block-image size-large\"><a href=\"https:\/\/www.roubaixaujourdhuietdemain.fr\/philippedelannoy\/wp-content\/uploads\/2022\/08\/IMG_20220813_202623_5-2-scaled.jpg\"><img loading=\"lazy\" decoding=\"async\" width=\"1024\" height=\"797\" src=\"https:\/\/www.roubaixaujourdhuietdemain.fr\/philippedelannoy\/wp-content\/uploads\/2022\/08\/IMG_20220813_202623_5-2-1024x797.jpg\" alt=\"\" class=\"wp-image-1398\" srcset=\"https:\/\/www.roubaixaujourdhuietdemain.fr\/philippedelannoy\/wp-content\/uploads\/2022\/08\/IMG_20220813_202623_5-2-1024x797.jpg 1024w, https:\/\/www.roubaixaujourdhuietdemain.fr\/philippedelannoy\/wp-content\/uploads\/2022\/08\/IMG_20220813_202623_5-2-300x233.jpg 300w, https:\/\/www.roubaixaujourdhuietdemain.fr\/philippedelannoy\/wp-content\/uploads\/2022\/08\/IMG_20220813_202623_5-2-768x598.jpg 768w, https:\/\/www.roubaixaujourdhuietdemain.fr\/philippedelannoy\/wp-content\/uploads\/2022\/08\/IMG_20220813_202623_5-2-1536x1195.jpg 1536w, https:\/\/www.roubaixaujourdhuietdemain.fr\/philippedelannoy\/wp-content\/uploads\/2022\/08\/IMG_20220813_202623_5-2-2048x1594.jpg 2048w, https:\/\/www.roubaixaujourdhuietdemain.fr\/philippedelannoy\/wp-content\/uploads\/2022\/08\/IMG_20220813_202623_5-2-624x486.jpg 624w\" sizes=\"auto, (max-width: 1024px) 100vw, 1024px\" \/><\/a><\/figure>\n","protected":false},"excerpt":{"rendered":"<p>Notre couple est \u00e0 chaque fois \u00e9poustoufl\u00e9 quand il se rend pour une soir\u00e9e dans cette petite association de quartier nich\u00e9e dans le quartier pauvre de l\u2019Alma (7 rue Archim\u00e8de). Comment cette petite \u00e9quipe de b\u00e9n\u00e9voles sans subvention compl\u00e9mentaire de la mairie pour les activit\u00e9s d\u2019\u00e9t\u00e9, sans \u00e9cho dans la presse peut organiser des soir\u00e9es [&hellip;]<\/p>\n","protected":false},"author":2,"featured_media":0,"comment_status":"open","ping_status":"open","sticky":false,"template":"","format":"standard","meta":{"footnotes":""},"categories":[2],"tags":[],"class_list":["post-1393","post","type-post","status-publish","format-standard","hentry","category-vivre-ensemble"],"_links":{"self":[{"href":"https:\/\/www.roubaixaujourdhuietdemain.fr\/philippedelannoy\/wp-json\/wp\/v2\/posts\/1393","targetHints":{"allow":["GET"]}}],"collection":[{"href":"https:\/\/www.roubaixaujourdhuietdemain.fr\/philippedelannoy\/wp-json\/wp\/v2\/posts"}],"about":[{"href":"https:\/\/www.roubaixaujourdhuietdemain.fr\/philippedelannoy\/wp-json\/wp\/v2\/types\/post"}],"author":[{"embeddable":true,"href":"https:\/\/www.roubaixaujourdhuietdemain.fr\/philippedelannoy\/wp-json\/wp\/v2\/users\/2"}],"replies":[{"embeddable":true,"href":"https:\/\/www.roubaixaujourdhuietdemain.fr\/philippedelannoy\/wp-json\/wp\/v2\/comments?post=1393"}],"version-history":[{"count":1,"href":"https:\/\/www.roubaixaujourdhuietdemain.fr\/philippedelannoy\/wp-json\/wp\/v2\/posts\/1393\/revisions"}],"predecessor-version":[{"id":1399,"href":"https:\/\/www.roubaixaujourdhuietdemain.fr\/philippedelannoy\/wp-json\/wp\/v2\/posts\/1393\/revisions\/1399"}],"wp:attachment":[{"href":"https:\/\/www.roubaixaujourdhuietdemain.fr\/philippedelannoy\/wp-json\/wp\/v2\/media?parent=1393"}],"wp:term":[{"taxonomy":"category","embeddable":true,"href":"https:\/\/www.roubaixaujourdhuietdemain.fr\/philippedelannoy\/wp-json\/wp\/v2\/categories?post=1393"},{"taxonomy":"post_tag","embeddable":true,"href":"https:\/\/www.roubaixaujourdhuietdemain.fr\/philippedelannoy\/wp-json\/wp\/v2\/tags?post=1393"}],"curies":[{"name":"wp","href":"https:\/\/api.w.org\/{rel}","templated":true}]}}