{"id":1401,"date":"2022-11-02T18:23:29","date_gmt":"2022-11-02T17:23:29","guid":{"rendered":"https:\/\/www.roubaixaujourdhuietdemain.fr\/philippedelannoy\/?p=1401"},"modified":"2022-11-02T18:23:30","modified_gmt":"2022-11-02T17:23:30","slug":"noel-au-furet-du-nord-a-roubaix-11-2022","status":"publish","type":"post","link":"https:\/\/www.roubaixaujourdhuietdemain.fr\/philippedelannoy\/2022\/11\/02\/noel-au-furet-du-nord-a-roubaix-11-2022\/","title":{"rendered":"No\u00ebl au Furet du Nord \u00e0 Roubaix 11 \/ 2022"},"content":{"rendered":"\n<p>\u00a0<\/p>\n<p>Le Furet du Nord \u00e0 Roubaix, efface t\u2019il sciemment le lien entre No\u00ebl et la chr\u00e9tient\u00e9\u00a0?<\/p>\n<p>Ce mercredi 2 novembre j\u2019y passe pour acheter quelques cartes de No\u00ebl. Si je sais qu\u2019un ami est chr\u00e9tien j\u2019aime lui adresser une carte qui comm\u00e9more la naissance de J\u00e9sus de Nazareth. Eh bien\u00a0! ce n\u2019est plus possible. Le temple de la culture a d\u00e9cid\u00e9 que l\u2019esprit de No\u00ebl doit \u00eatre s\u00e9cularis\u00e9 pour tous. Voil\u00e0 o\u00f9 nous en sommes. J\u2019ai pu acheter une carte avec un croissant de lune, un joyeux p\u00e8re no\u00ebl, un cerf mais aucune carte sur la nativit\u00e9 en rayon. Encore un petit effort et l\u2019essence m\u00eame des origines de cette f\u00eate aura disparu du patrimoine culturel de nos jeunes.<\/p>\n","protected":false},"excerpt":{"rendered":"<p>\u00a0 Le Furet du Nord \u00e0 Roubaix, efface t\u2019il sciemment le lien entre No\u00ebl et la chr\u00e9tient\u00e9\u00a0? Ce mercredi 2 novembre j\u2019y passe pour acheter quelques cartes de No\u00ebl. Si je sais qu\u2019un ami est chr\u00e9tien j\u2019aime lui adresser une carte qui comm\u00e9more la naissance de J\u00e9sus de Nazareth. Eh bien\u00a0! ce n\u2019est plus possible. [&hellip;]<\/p>\n","protected":false},"author":2,"featured_media":0,"comment_status":"open","ping_status":"open","sticky":false,"template":"","format":"standard","meta":{"footnotes":""},"categories":[4],"tags":[],"class_list":["post-1401","post","type-post","status-publish","format-standard","hentry","category-patrimoine"],"_links":{"self":[{"href":"https:\/\/www.roubaixaujourdhuietdemain.fr\/philippedelannoy\/wp-json\/wp\/v2\/posts\/1401","targetHints":{"allow":["GET"]}}],"collection":[{"href":"https:\/\/www.roubaixaujourdhuietdemain.fr\/philippedelannoy\/wp-json\/wp\/v2\/posts"}],"about":[{"href":"https:\/\/www.roubaixaujourdhuietdemain.fr\/philippedelannoy\/wp-json\/wp\/v2\/types\/post"}],"author":[{"embeddable":true,"href":"https:\/\/www.roubaixaujourdhuietdemain.fr\/philippedelannoy\/wp-json\/wp\/v2\/users\/2"}],"replies":[{"embeddable":true,"href":"https:\/\/www.roubaixaujourdhuietdemain.fr\/philippedelannoy\/wp-json\/wp\/v2\/comments?post=1401"}],"version-history":[{"count":1,"href":"https:\/\/www.roubaixaujourdhuietdemain.fr\/philippedelannoy\/wp-json\/wp\/v2\/posts\/1401\/revisions"}],"predecessor-version":[{"id":1402,"href":"https:\/\/www.roubaixaujourdhuietdemain.fr\/philippedelannoy\/wp-json\/wp\/v2\/posts\/1401\/revisions\/1402"}],"wp:attachment":[{"href":"https:\/\/www.roubaixaujourdhuietdemain.fr\/philippedelannoy\/wp-json\/wp\/v2\/media?parent=1401"}],"wp:term":[{"taxonomy":"category","embeddable":true,"href":"https:\/\/www.roubaixaujourdhuietdemain.fr\/philippedelannoy\/wp-json\/wp\/v2\/categories?post=1401"},{"taxonomy":"post_tag","embeddable":true,"href":"https:\/\/www.roubaixaujourdhuietdemain.fr\/philippedelannoy\/wp-json\/wp\/v2\/tags?post=1401"}],"curies":[{"name":"wp","href":"https:\/\/api.w.org\/{rel}","templated":true}]}}