{"id":1404,"date":"2023-02-11T21:09:39","date_gmt":"2023-02-11T20:09:39","guid":{"rendered":"http:\/\/www.roubaixaujourdhuietdemain.fr\/philippedelannoy\/?p=1404"},"modified":"2023-02-11T21:09:40","modified_gmt":"2023-02-11T20:09:40","slug":"supplique-a-monsieur-le-maire-de-roubaix","status":"publish","type":"post","link":"https:\/\/www.roubaixaujourdhuietdemain.fr\/philippedelannoy\/2023\/02\/11\/supplique-a-monsieur-le-maire-de-roubaix\/","title":{"rendered":"Supplique \u00e0 Monsieur le maire de Roubaix"},"content":{"rendered":"\n<p>L\u2019immeuble n\u00e9oclassique de la 1<sup>\u00e8re<\/sup> partie du 19\u00e8me sis au 22\/ 24 rue du Ch\u00e2teau \u00e0 Roubaix<\/p>\n<p><strong>Supplique adress\u00e9e \u00e0 Monsieur le maire de Roubaix.<\/strong> Prot\u00e9gez SVP le patrimoine immobilier historique de votre, de notre ville\u00a0; ne reproduisez pas les erreurs commises entre 1960 et 1973 par la municipalit\u00e9 de l\u2019\u00e9poque. Devant la fi\u00e8vre qui monte chez vos administr\u00e9s de tout horizon, il est encore temps d\u2019agir. Vous pourriez solliciter un rendez-vous \u00e0 Vinci Immobilier pour leur expliquer la situation et leur demander de ne pas d\u00e9molir les immeubles n\u00b0 22 et 24 rue du Ch\u00e2teau. Une autre friche pourrait leur \u00eatre propos\u00e9e pour qu\u2019il puisse r\u00e9aliser leur souhait de construire une r\u00e9sidence \u00e9tudiante \u00e0 Roubaix\u00a0; \u00e0 moins que le groupe d\u00e9cide de retravailler son projet pour le r\u00e9aliser au sein de l\u2019existant sans toucher au b\u00e2ti.<\/p>\n<p>Certes le permis de construire a \u00e9t\u00e9 affich\u00e9 d\u00e9but 2022 mais les roubaisiens (nes) de base n\u2019ont r\u00e9ellement \u00e9t\u00e9 avertis qu\u2019en janvier 2023. Lors de la r\u00e9union conf\u00e9rence du 7 f\u00e9vrier propos\u00e9e au public, un jeune architecte a \u00e9t\u00e9 sollicit\u00e9 pour nous faire r\u00eaver en proposant une esquisse de r\u00e9novation qui comporterait la remise en \u00e9tat des fa\u00e7ades d\u2019\u00e9poque dans leur aspect originel. Peut-\u00eatre qu\u2019\u00e0 partir de la porte m\u00e9tallique, une v\u00e9ritable verrue dans cette fa\u00e7ade, une large fen\u00eatre en arc de cercle pourrait \u00eatre r\u00e9alis\u00e9e afin que les b\u00e2timents d\u2019\u00e9poque de la cour int\u00e9rieur puissent s\u2019ouvrir \u00e0 la vue du public.<\/p>\n<p>Aujourd\u2019hui la situation n\u2019est plus simple\u00a0: l\u2019immeuble n\u2019est plus totalement hors d\u2019eau, le permis de construire a \u00e9t\u00e9 d\u00e9livr\u00e9 en d\u00e9cembre 2021, les occupants se sont projet\u00e9s ailleurs, ils pr\u00e9parent leur d\u00e9m\u00e9nagement. La reprise du projet ne peut pas, sur le plan humain, remettre en question les modalit\u00e9s d\u2019expropriation des occupants. Ils ne doivent pas \u00eatre pris entre le marteau et l\u2019enclume.<\/p>\n<p>Gardons l\u2019espoir qu\u2019une solution apaisante pour tous soit trouv\u00e9e. Une mandature apaisante, de m\u00e9moire c\u2019\u00e9tait le souhait de notre Maire lors de son \u00e9lection en 2014 or tous les amoureux du patrimoine roubaisien grondent \u00e0 propos de cette d\u00e9molition, alors Monsieur le Maire nous comptons sur vous.<\/p>\n\n\n\n<div class=\"wp-block-file\"><a href=\"http:\/\/www.roubaixaujourdhuietdemain.fr\/philippedelannoy\/wp-content\/uploads\/2023\/02\/IMG_20230210_113005_3-scaled.jpg\" class=\"wp-block-file__button\" download>T\u00e9l\u00e9charger<\/a><\/div>\n\n\n\n<div class=\"wp-block-file\"><a href=\"http:\/\/www.roubaixaujourdhuietdemain.fr\/philippedelannoy\/wp-content\/uploads\/2023\/02\/IMG_20230210_114317_1-1-scaled.jpg\" class=\"wp-block-file__button\" download>T\u00e9l\u00e9charger<\/a><\/div>\n\n\n\n<figure class=\"wp-block-image size-large\"><a href=\"http:\/\/www.roubaixaujourdhuietdemain.fr\/philippedelannoy\/wp-content\/uploads\/2023\/02\/IMG_20230210_114317_1-1-scaled.jpg\"><img loading=\"lazy\" decoding=\"async\" width=\"1024\" height=\"768\" src=\"http:\/\/www.roubaixaujourdhuietdemain.fr\/philippedelannoy\/wp-content\/uploads\/2023\/02\/IMG_20230210_114317_1-1-1024x768.jpg\" alt=\"\" class=\"wp-image-1409\" srcset=\"https:\/\/www.roubaixaujourdhuietdemain.fr\/philippedelannoy\/wp-content\/uploads\/2023\/02\/IMG_20230210_114317_1-1-1024x768.jpg 1024w, https:\/\/www.roubaixaujourdhuietdemain.fr\/philippedelannoy\/wp-content\/uploads\/2023\/02\/IMG_20230210_114317_1-1-300x225.jpg 300w, https:\/\/www.roubaixaujourdhuietdemain.fr\/philippedelannoy\/wp-content\/uploads\/2023\/02\/IMG_20230210_114317_1-1-768x576.jpg 768w, https:\/\/www.roubaixaujourdhuietdemain.fr\/philippedelannoy\/wp-content\/uploads\/2023\/02\/IMG_20230210_114317_1-1-1536x1152.jpg 1536w, https:\/\/www.roubaixaujourdhuietdemain.fr\/philippedelannoy\/wp-content\/uploads\/2023\/02\/IMG_20230210_114317_1-1-2048x1536.jpg 2048w, https:\/\/www.roubaixaujourdhuietdemain.fr\/philippedelannoy\/wp-content\/uploads\/2023\/02\/IMG_20230210_114317_1-1-624x468.jpg 624w\" sizes=\"auto, (max-width: 1024px) 100vw, 1024px\" \/><\/a><figcaption>Fa\u00e7ade des n\u00b0 22\/24 rue du Ch\u00e2teau \u00e0 Roubaix<\/figcaption><\/figure>\n\n\n\n<div class=\"wp-block-file\"><a href=\"http:\/\/www.roubaixaujourdhuietdemain.fr\/philippedelannoy\/wp-content\/uploads\/2023\/02\/IMG_20230210_114317_1-scaled.jpg\" class=\"wp-block-file__button\" download>T\u00e9l\u00e9charger<\/a><\/div>\n\n\n\n<figure class=\"wp-block-image size-large\"><a href=\"http:\/\/www.roubaixaujourdhuietdemain.fr\/philippedelannoy\/wp-content\/uploads\/2023\/02\/IMG_20230210_112932_9-1-scaled.jpg\"><img loading=\"lazy\" decoding=\"async\" width=\"1024\" height=\"768\" src=\"http:\/\/www.roubaixaujourdhuietdemain.fr\/philippedelannoy\/wp-content\/uploads\/2023\/02\/IMG_20230210_112932_9-1-1024x768.jpg\" alt=\"\" class=\"wp-image-1412\" srcset=\"https:\/\/www.roubaixaujourdhuietdemain.fr\/philippedelannoy\/wp-content\/uploads\/2023\/02\/IMG_20230210_112932_9-1-1024x768.jpg 1024w, https:\/\/www.roubaixaujourdhuietdemain.fr\/philippedelannoy\/wp-content\/uploads\/2023\/02\/IMG_20230210_112932_9-1-300x225.jpg 300w, https:\/\/www.roubaixaujourdhuietdemain.fr\/philippedelannoy\/wp-content\/uploads\/2023\/02\/IMG_20230210_112932_9-1-768x576.jpg 768w, https:\/\/www.roubaixaujourdhuietdemain.fr\/philippedelannoy\/wp-content\/uploads\/2023\/02\/IMG_20230210_112932_9-1-1536x1152.jpg 1536w, https:\/\/www.roubaixaujourdhuietdemain.fr\/philippedelannoy\/wp-content\/uploads\/2023\/02\/IMG_20230210_112932_9-1-2048x1536.jpg 2048w, https:\/\/www.roubaixaujourdhuietdemain.fr\/philippedelannoy\/wp-content\/uploads\/2023\/02\/IMG_20230210_112932_9-1-624x468.jpg 624w\" sizes=\"auto, (max-width: 1024px) 100vw, 1024px\" \/><\/a><figcaption>Fa\u00e7ade sur cour int\u00e9rieure<\/figcaption><\/figure>\n\n\n\n<figure class=\"wp-block-image size-large\"><a href=\"http:\/\/www.roubaixaujourdhuietdemain.fr\/philippedelannoy\/wp-content\/uploads\/2023\/02\/IMG_20230210_113005_3-1-scaled.jpg\"><img loading=\"lazy\" decoding=\"async\" width=\"1024\" height=\"768\" src=\"http:\/\/www.roubaixaujourdhuietdemain.fr\/philippedelannoy\/wp-content\/uploads\/2023\/02\/IMG_20230210_113005_3-1-1024x768.jpg\" alt=\"\" class=\"wp-image-1413\" srcset=\"https:\/\/www.roubaixaujourdhuietdemain.fr\/philippedelannoy\/wp-content\/uploads\/2023\/02\/IMG_20230210_113005_3-1-1024x768.jpg 1024w, https:\/\/www.roubaixaujourdhuietdemain.fr\/philippedelannoy\/wp-content\/uploads\/2023\/02\/IMG_20230210_113005_3-1-300x225.jpg 300w, https:\/\/www.roubaixaujourdhuietdemain.fr\/philippedelannoy\/wp-content\/uploads\/2023\/02\/IMG_20230210_113005_3-1-768x576.jpg 768w, https:\/\/www.roubaixaujourdhuietdemain.fr\/philippedelannoy\/wp-content\/uploads\/2023\/02\/IMG_20230210_113005_3-1-1536x1152.jpg 1536w, https:\/\/www.roubaixaujourdhuietdemain.fr\/philippedelannoy\/wp-content\/uploads\/2023\/02\/IMG_20230210_113005_3-1-2048x1536.jpg 2048w, https:\/\/www.roubaixaujourdhuietdemain.fr\/philippedelannoy\/wp-content\/uploads\/2023\/02\/IMG_20230210_113005_3-1-624x468.jpg 624w\" sizes=\"auto, (max-width: 1024px) 100vw, 1024px\" \/><\/a><figcaption>Fa\u00e7ade sur cour int\u00e9rieure<\/figcaption><\/figure>\n\n\n\n<figure class=\"wp-block-image size-large\"><a href=\"http:\/\/www.roubaixaujourdhuietdemain.fr\/philippedelannoy\/wp-content\/uploads\/2023\/02\/IMG_20230210_113126_6-1-scaled.jpg\"><img loading=\"lazy\" decoding=\"async\" width=\"768\" height=\"1024\" src=\"http:\/\/www.roubaixaujourdhuietdemain.fr\/philippedelannoy\/wp-content\/uploads\/2023\/02\/IMG_20230210_113126_6-1-768x1024.jpg\" alt=\"\" class=\"wp-image-1415\" srcset=\"https:\/\/www.roubaixaujourdhuietdemain.fr\/philippedelannoy\/wp-content\/uploads\/2023\/02\/IMG_20230210_113126_6-1-768x1024.jpg 768w, https:\/\/www.roubaixaujourdhuietdemain.fr\/philippedelannoy\/wp-content\/uploads\/2023\/02\/IMG_20230210_113126_6-1-225x300.jpg 225w, https:\/\/www.roubaixaujourdhuietdemain.fr\/philippedelannoy\/wp-content\/uploads\/2023\/02\/IMG_20230210_113126_6-1-1152x1536.jpg 1152w, https:\/\/www.roubaixaujourdhuietdemain.fr\/philippedelannoy\/wp-content\/uploads\/2023\/02\/IMG_20230210_113126_6-1-1536x2048.jpg 1536w, https:\/\/www.roubaixaujourdhuietdemain.fr\/philippedelannoy\/wp-content\/uploads\/2023\/02\/IMG_20230210_113126_6-1-624x832.jpg 624w, https:\/\/www.roubaixaujourdhuietdemain.fr\/philippedelannoy\/wp-content\/uploads\/2023\/02\/IMG_20230210_113126_6-1-scaled.jpg 1920w\" sizes=\"auto, (max-width: 768px) 100vw, 768px\" \/><\/a><figcaption>Les d\u00e9g\u00e2ts dus \u00e0 l&rsquo;\u00e9tat de la toiture<\/figcaption><\/figure>\n\n\n\n<figure class=\"wp-block-image size-large\"><a href=\"http:\/\/www.roubaixaujourdhuietdemain.fr\/philippedelannoy\/wp-content\/uploads\/2023\/02\/IMG_20230210_113055_5-scaled.jpg\"><img loading=\"lazy\" decoding=\"async\" width=\"1024\" height=\"768\" src=\"http:\/\/www.roubaixaujourdhuietdemain.fr\/philippedelannoy\/wp-content\/uploads\/2023\/02\/IMG_20230210_113055_5-1024x768.jpg\" alt=\"\" class=\"wp-image-1414\" srcset=\"https:\/\/www.roubaixaujourdhuietdemain.fr\/philippedelannoy\/wp-content\/uploads\/2023\/02\/IMG_20230210_113055_5-1024x768.jpg 1024w, https:\/\/www.roubaixaujourdhuietdemain.fr\/philippedelannoy\/wp-content\/uploads\/2023\/02\/IMG_20230210_113055_5-300x225.jpg 300w, https:\/\/www.roubaixaujourdhuietdemain.fr\/philippedelannoy\/wp-content\/uploads\/2023\/02\/IMG_20230210_113055_5-768x576.jpg 768w, https:\/\/www.roubaixaujourdhuietdemain.fr\/philippedelannoy\/wp-content\/uploads\/2023\/02\/IMG_20230210_113055_5-1536x1152.jpg 1536w, https:\/\/www.roubaixaujourdhuietdemain.fr\/philippedelannoy\/wp-content\/uploads\/2023\/02\/IMG_20230210_113055_5-2048x1536.jpg 2048w, https:\/\/www.roubaixaujourdhuietdemain.fr\/philippedelannoy\/wp-content\/uploads\/2023\/02\/IMG_20230210_113055_5-624x468.jpg 624w\" sizes=\"auto, (max-width: 1024px) 100vw, 1024px\" \/><\/a><\/figure>\n","protected":false},"excerpt":{"rendered":"<p>L\u2019immeuble n\u00e9oclassique de la 1\u00e8re partie du 19\u00e8me sis au 22\/ 24 rue du Ch\u00e2teau \u00e0 Roubaix Supplique adress\u00e9e \u00e0 Monsieur le maire de Roubaix. Prot\u00e9gez SVP le patrimoine immobilier historique de votre, de notre ville\u00a0; ne reproduisez pas les erreurs commises entre 1960 et 1973 par la municipalit\u00e9 de l\u2019\u00e9poque. Devant la fi\u00e8vre qui [&hellip;]<\/p>\n","protected":false},"author":2,"featured_media":0,"comment_status":"open","ping_status":"open","sticky":false,"template":"","format":"standard","meta":{"footnotes":""},"categories":[1,4],"tags":[],"class_list":["post-1404","post","type-post","status-publish","format-standard","hentry","category-non-classe","category-patrimoine"],"_links":{"self":[{"href":"https:\/\/www.roubaixaujourdhuietdemain.fr\/philippedelannoy\/wp-json\/wp\/v2\/posts\/1404","targetHints":{"allow":["GET"]}}],"collection":[{"href":"https:\/\/www.roubaixaujourdhuietdemain.fr\/philippedelannoy\/wp-json\/wp\/v2\/posts"}],"about":[{"href":"https:\/\/www.roubaixaujourdhuietdemain.fr\/philippedelannoy\/wp-json\/wp\/v2\/types\/post"}],"author":[{"embeddable":true,"href":"https:\/\/www.roubaixaujourdhuietdemain.fr\/philippedelannoy\/wp-json\/wp\/v2\/users\/2"}],"replies":[{"embeddable":true,"href":"https:\/\/www.roubaixaujourdhuietdemain.fr\/philippedelannoy\/wp-json\/wp\/v2\/comments?post=1404"}],"version-history":[{"count":1,"href":"https:\/\/www.roubaixaujourdhuietdemain.fr\/philippedelannoy\/wp-json\/wp\/v2\/posts\/1404\/revisions"}],"predecessor-version":[{"id":1416,"href":"https:\/\/www.roubaixaujourdhuietdemain.fr\/philippedelannoy\/wp-json\/wp\/v2\/posts\/1404\/revisions\/1416"}],"wp:attachment":[{"href":"https:\/\/www.roubaixaujourdhuietdemain.fr\/philippedelannoy\/wp-json\/wp\/v2\/media?parent=1404"}],"wp:term":[{"taxonomy":"category","embeddable":true,"href":"https:\/\/www.roubaixaujourdhuietdemain.fr\/philippedelannoy\/wp-json\/wp\/v2\/categories?post=1404"},{"taxonomy":"post_tag","embeddable":true,"href":"https:\/\/www.roubaixaujourdhuietdemain.fr\/philippedelannoy\/wp-json\/wp\/v2\/tags?post=1404"}],"curies":[{"name":"wp","href":"https:\/\/api.w.org\/{rel}","templated":true}]}}