{"id":1418,"date":"2023-03-17T16:15:43","date_gmt":"2023-03-17T15:15:43","guid":{"rendered":"http:\/\/www.roubaixaujourdhuietdemain.fr\/philippedelannoy\/?p=1418"},"modified":"2023-03-17T16:15:45","modified_gmt":"2023-03-17T15:15:45","slug":"progressiste-a-contre-courant-a-roubaix","status":"publish","type":"post","link":"https:\/\/www.roubaixaujourdhuietdemain.fr\/philippedelannoy\/2023\/03\/17\/progressiste-a-contre-courant-a-roubaix\/","title":{"rendered":"Progressiste \u00e0 contre-courant \u00e0 Roubaix"},"content":{"rendered":"\n<p>\u00a0<\/p>\n<p>\u00a0<\/p>\n<p>J\u2019\u00e9tais \u00e0 la r\u00e9union publique, quartiers centre, du 2 mars 2023. M. le Maire de Roubaix \u00e9tait annonc\u00e9. Il \u00e9tait absent. Dommage. Le sujet concernait le cadre de vie du centre et au-del\u00e0 ; sa pr\u00e9sence me semblait indispensable dans la continuit\u00e9 de ses engagements \u00e9lectoraux.<\/p>\n<p>Ses adjoints, Mme Mezouane et M. Garcin accompagn\u00e9s d\u2019un directeur de service nous pr\u00e9sentent longuement, avec un art assur\u00e9 de la communication surfaite \u00ab\u00a0Ce qui a d\u00e9j\u00e0 \u00e9t\u00e9 fait\u00a0\u00bb. Toutefois, s\u2019il faut mod\u00e9rer ces propos effectivement des engagements de campagne ont \u00e9t\u00e9 r\u00e9alis\u00e9es : l\u2019animation populaire de la Grand-place est \u00e0 souligner, la propret\u00e9 fait l\u2019objet d\u2019un combat quotidien m\u00eame si le r\u00e9sultat n\u2019est pas vraiment au rendez-vous, des cam\u00e9ras de surveillance ont \u00e9t\u00e9 install\u00e9es, la police municipale a \u00e9t\u00e9 renforc\u00e9e, la jeunesse n\u2019a pas \u00e9t\u00e9 oubli\u00e9e, Blanchemaille est une r\u00e9alit\u00e9, des efforts pour verdir Roubaix sont en cours, \u2026<\/p>\n<p><u>Les projets, les grandes orientations nous sont alors pr\u00e9sent\u00e9s.<\/u> Elles d\u00e9coulent nous dit-on d\u2019une forte participation de la population sollicit\u00e9e entre autres par des questionnaires remis aux passants. Je passe \u00e0 pied au moins deux fois par jour dans le centre de Roubaix, je n\u2019ai jamais \u00e9t\u00e9 sollicit\u00e9\u00a0?<\/p>\n<p><strong>Une ville plus verte <\/strong><\/p>\n<p>De la verdure pleine terre sera implant\u00e9e dans le centre notamment rue du Vieil Abreuvoir, bravo. Cependant la r\u00e9novation de cette rue est toute r\u00e9cente 2020\u00a0! La rue va donc \u00eatre remise en travaux. Ce n\u2019est pas un processus de bonne gestion\u00a0; on aurait quand m\u00eame pu r\u00e9server les emplacements des plantations lors de cette r\u00e9novation (1). Formons le v\u0153u que les essences soient bien choisies pour ne pas venir lors de leur croissance fleurter avec les fen\u00eatres des habitations et cr\u00e9er des nuisances. Sur la grand-place on attend de beaux arbres, des fleurs et des bancs en prolongement de la rue Mar\u00e9chal Foch et de belles terrasses devraient s\u2019installer \u00e0 la place du parking\u00a0; bravo, ce sera un plus pour notre centre m\u00eame si c\u2019est un revirement \u00e0 360\u00b0 des propositions de la campagne \u00e9lectorale 2014 de M. Delbar.<\/p>\n<p><strong>Vers des rues pi\u00e9tonnes\u00a0!<\/strong><\/p>\n<p>Mettre la rue du Viel Abreuvoir, la rue du Cur\u00e9 et le contour Saint Martin en rues pi\u00e9tonnes, pourquoi pas, mais c\u2019est franchement pr\u00e9matur\u00e9 parce qu\u2019aujourd\u2019hui elles n\u2019ont pas d\u2019attrait et sont d\u00e9pourvues de passage. L\u2019arr\u00eat du tramway boulevard des Nations Unies ce n\u2019est pas pour demain. Un parking silo construit dans les ann\u00e9es 1980 rue du Cur\u00e9, \u00e0 seulement 300 pas de la grand-place, pouvait apporter le flux n\u00e9cessaire pour donner vie aux rues pi\u00e9tonnes envisag\u00e9es, mais ce n\u2019est pas l\u2019option retenue. Depuis 11 ans, il est ferm\u00e9 (2) et on le laisse gentiment se d\u00e9grader d\u2019ann\u00e9e en ann\u00e9e. Par cons\u00e9quence, les commerces qui fonctionnent avec le passage n\u2019ont peu de chance de d\u00e9gager un chiffre affaires suffisant.<\/p>\n<p>Mettre la Grand-rue le weekend en rue pi\u00e9tonne et y cr\u00e9er des animations m\u2019apparaissent \u00eatre un mirage en l\u2019\u00e9tat. Je pense que cette demande vient de r\u00eaveurs qui n\u2019ont pas pris le temps d\u2019aller le dimanche dans cette rue. Le matin il n\u2019y a personne, l\u2019apr\u00e8s-midi je vous laisse regarder les photos (3-4) que j\u2019ai prises \u00e0 16h et 18h30 le dimanche 5 mars. M\u00eame les 9 restaurants rapides et exotiques sont vides (5).<\/p>\n<p><strong>Stationnement \u2013 Zone 30<\/strong><\/p>\n<p>Vous voulez multiplier le stationnement payant pour \u00e9viter les v\u00e9hicules ventouses. Je pense que les zones bleues aboutiraient au m\u00eame objectif mais tellement mieux adapt\u00e9es pour attirer la client\u00e8le de l\u2019ext\u00e9rieur et prendre en compte la grande pauvret\u00e9 du versant Nord\/Est de la m\u00e9tropole.<\/p>\n<p>Mettre partout des zones \u00e0 30 km\/h c\u2019est faire plaisir\u00a0: \u00e0 des petits groupes de pression, \u00e0 certains \u00e9lus et journalistes sous pr\u00e9texte \u00e9cologique et s\u00e9curitaire. D\u2019une part, je ne pense pas que r\u00e9pandre des tonnes de peinture sur la chauss\u00e9e ce soit \u00e9cologique. D\u2019autre part, ne venez pas parler d\u2019une r\u00e9duction de la pollution. Cet argument a \u00e9t\u00e9 \u00e9voqu\u00e9 lors de la r\u00e9union et repris dans le N.E. du 7 mars. Le centre d\u2019\u00e9tudes et d\u2019expertise sur les risques, l\u2019environnement, la mobilit\u00e9 et l\u2019am\u00e9nagement dit le contraire. Pour en savoir plus vous pouvez lire sur Internet l\u2019article du 14\/09\/2021 du quotidien Ouest France.<\/p>\n<p>Enfin, les partisans du tout \u00e0 30 km\/h reconna\u00eetront que la tr\u00e8s grande majorit\u00e9 des automobilistes et chauffeurs de bus (90%) ne respectent pas le 30 km\/h quand ce n\u2019est pas n\u00e9cessaire. La limite autoris\u00e9e \u00e0 50 km\/h en agglom\u00e9ration pr\u00e9vue dans le code de la route est une bonne mesure pourquoi aller jusqu\u2019au boutisme. Progressivement vous retirez tout esprit de responsabilit\u00e9 aux conducteurs. Bien s\u00fbr, comme cela a \u00e9t\u00e9 reconnue ce n\u2019est de toute fa\u00e7on pas cette limitation qui emp\u00eachera les irresponsables \u00e0 pratiquer des vitesses inadapt\u00e9es en ville. Il aurait \u00e9t\u00e9 pr\u00e9f\u00e9rable dans un premier temps de faire respecter le code de la route soit 50 km\/h mais aussi les r\u00e8gles de stationnement. A Roubaix les voitures gar\u00e9es sur le trottoir (6) ne g\u00eanent pas nos \u00e9diles, la tol\u00e9rance Z\u00e9ro c\u2019est seulement au moment des campagnes \u00e9lectorales. Pourtant convenez que la personne handicap\u00e9e, la maman avec sa poussette ou simplement accompagn\u00e9e de ses bambins seraient plus en s\u00e9curit\u00e9 sans ces stationnements anarchiques. Savez-vous que certains vont jusqu\u2019\u00e0 retirer les grandes quilles anti-stationnement pour se garer et on laisse faire (7).<\/p>\n<p>Plus raisonnable et moins co\u00fbteux que des zones 30 \u00e0 profusion serait de mener avec nos d\u00e9put\u00e9s une campagne pour am\u00e9liorer la loi afin\u00a0: de sanctionner le conducteur sous l\u2019emprise de la drogue, d\u2019instaurer une visite m\u00e9dicale d\u2019aptitude \u00e0 conduire tous les dix ans \u00e0 partir de la retraite, d\u2019obliger les conducteurs \u00e0 la conduite irresponsable \u00e0 repasser le code de la route.<\/p>\n<p><strong>Le patrimoine historique de Roubaix<\/strong><\/p>\n<p>Quant \u00e0 la pr\u00e9servation du patrimoine, Je suis totalement rest\u00e9 sur ma faim. Le sujet n\u2019est pas abord\u00e9. Il faisait pourtant partie des engagements de campagne de Monsieur le maire (2020 page 26, 2014 page 11) et il a tout son sens au centre-ville et au-del\u00e0 au regard de ce qui se passe chez nous actuellement rue du Ch\u00e2teau, \u00e0 l\u2019Epeule, \u00e0 l\u2019Alma.<\/p>\n<p><strong>L\u2019am\u00e9nagement de l\u2019avenue Jean Baptiste Lebas est au programme.<\/strong><\/p>\n<p>Elle en a bien besoin. Le collectif \u00ab\u00a0Roubaix Aujourd\u2019hui et Demain\u00a0\u00bb avait soumis \u00e0 Monsieur le Maire en 2015 un projet en 10 pages* et d\u00e9velopp\u00e9 46 id\u00e9es innovantes. Pour le consulter\u00a0taper dans votre navigateur\u00a0: <a href=\"https:\/\/www.roubaixaujourdhuietdemain.fr\/pour-relancer-un-commerce-en-berne-a-roubaix\/\">https:\/\/www.roubaixaujourdhuietdemain.fr\/pour-relancer-un-commerce-en-berne-a-roubaix\/<\/a> . Quelques id\u00e9es ont \u00e9t\u00e9 glan\u00e9es mais l\u2019essentiel n\u2019a pas \u00e9t\u00e9 pris en compte. Pour relancer l\u2019attractivit\u00e9 de notre ville le collectif avait d\u00e9termin\u00e9 que tout devait partir de cette avenue en s\u2019appuyant sur la locomotive du mus\u00e9e La Piscine. Il fallait un v\u00e9ritable \u00ab\u00a0Plan Marshall\u00a0\u00bb mais au lieu de cela on a droit \u00e0 des mesurettes tout en voulant nous faire croire que le tissu commercial se reconstitue. Il est malheureusement \u00e9ph\u00e9m\u00e8re. Soyons honn\u00eate les originalit\u00e9s se comptent sur les doigts de la main la plupart des commerces ne sont pas adapt\u00e9s pour retenir sur Roubaix les visiteurs du mus\u00e9e. Faute d\u2019une op\u00e9ration d\u2019envergure l\u2019avenue ne peut pas reprendre vie. Petit \u00e9tat des lieux de cette avenue les 8 et 9 mars 2023\u00a0: \u00a0<\/p>\n<ul>\n<li><u>Toutes les activit\u00e9s qui n\u2019ont pas d\u2019attrait pour les visiteurs du mus\u00e9e<\/u>: 3 banques, 3 assureurs, 16 bureaux (avocats, notaire, mission locale, centre d\u2019affaires \u2026), 8 commerces d\u2019alimentation, 7 salons de coiffures et de soins, 3 vitrines d\u2019expositions de robes de mari\u00e9e, 4 activit\u00e9s rattach\u00e9es au sport, 3 activit\u00e9s m\u00e9dicales,<\/li>\n<li><u>Les activit\u00e9s basiques mais n\u00e9cessaire y compris pour les visiteurs du mus\u00e9e<\/u>: une pharmacie, un h\u00f4tel, 3 bars tabac, Relay presse, 21 restaurants et fast-food (la restauration est n\u00e9cessaire mais tellement en surnombre et pas toujours de qualit\u00e9).<\/li>\n<li><u>Vient alors en trop petit nombre des activit\u00e9s originales et d\u2019art qui peuvent retenir sur Roubaix les visiteurs du mus\u00e9e<\/u>. Mais pour le plus grand nombre d\u2019entre elles les horaires d\u2019ouverture sont r\u00e9duits, voire pas respect\u00e9s\u00a0: 5 galeries d\u2019art (CDAM est toujours ferm\u00e9 lors de nos passages), deux librairies qui valent le d\u00e9tour mais on a laiss\u00e9 partir le CEP, deux artisans du cuir, une chapellerie, 7 commerces de v\u00eatements et tissus, plusieurs Maisons de mode sont h\u00e9las vides. Il manque des brocanteurs, des cr\u00e9ateurs, de l\u2019animation\u2026<\/li>\n<li><u>On ne peut pas aborder ce sujet sans relever malheureusement le carrousel incessant des fermetures<\/u>: Cheryl, White Swan, Harold, Ceci n\u2019est pas une boulangerie, CEP, My Cereal\u2019s, n\u00b0 84, 124, 45, 47, 83, 85, \u2026<\/li>\n<\/ul>\n<p>Voil\u00e0 une avenue qui demandait une attention toute particuli\u00e8re avec une pr\u00e9emption automatique par la ville des pas-de-porte qui se lib\u00e9raient de fa\u00e7on \u00e0 pouvoir orienter les activit\u00e9s avec l\u2019objectif premier de retenir sur Roubaix les visiteurs du mus\u00e9e La Piscine. Si en plus cette avenue est repens\u00e9e pour la rendre verdoyante avec le souci de pr\u00e9server le patrimoine alors pourrait-\u00eatre entrepris la reconqu\u00eate d\u2019un centre vivant entre l\u2019avenue jean Lebas et le centre McArthurGlen. \u00a0<\/p>\n<p>\u00a0<\/p>\n<p>\u00a0<\/p>\n\n\n\n<figure class=\"wp-block-image size-large\"><a href=\"http:\/\/www.roubaixaujourdhuietdemain.fr\/philippedelannoy\/wp-content\/uploads\/2023\/03\/IMG_20230310_161429_2-2-scaled.jpg\"><img loading=\"lazy\" decoding=\"async\" width=\"1024\" height=\"768\" src=\"http:\/\/www.roubaixaujourdhuietdemain.fr\/philippedelannoy\/wp-content\/uploads\/2023\/03\/IMG_20230310_161429_2-2-1024x768.jpg\" alt=\"\" class=\"wp-image-1419\" srcset=\"https:\/\/www.roubaixaujourdhuietdemain.fr\/philippedelannoy\/wp-content\/uploads\/2023\/03\/IMG_20230310_161429_2-2-1024x768.jpg 1024w, https:\/\/www.roubaixaujourdhuietdemain.fr\/philippedelannoy\/wp-content\/uploads\/2023\/03\/IMG_20230310_161429_2-2-300x225.jpg 300w, https:\/\/www.roubaixaujourdhuietdemain.fr\/philippedelannoy\/wp-content\/uploads\/2023\/03\/IMG_20230310_161429_2-2-768x576.jpg 768w, https:\/\/www.roubaixaujourdhuietdemain.fr\/philippedelannoy\/wp-content\/uploads\/2023\/03\/IMG_20230310_161429_2-2-1536x1152.jpg 1536w, https:\/\/www.roubaixaujourdhuietdemain.fr\/philippedelannoy\/wp-content\/uploads\/2023\/03\/IMG_20230310_161429_2-2-2048x1536.jpg 2048w, https:\/\/www.roubaixaujourdhuietdemain.fr\/philippedelannoy\/wp-content\/uploads\/2023\/03\/IMG_20230310_161429_2-2-624x468.jpg 624w\" sizes=\"auto, (max-width: 1024px) 100vw, 1024px\" \/><\/a><\/figure>\n\n\n\n<figure class=\"wp-block-image size-large\"><a href=\"http:\/\/www.roubaixaujourdhuietdemain.fr\/philippedelannoy\/wp-content\/uploads\/2023\/03\/IMG_20230310_161534_9-2-1-scaled.jpg\"><img loading=\"lazy\" decoding=\"async\" width=\"1024\" height=\"768\" src=\"http:\/\/www.roubaixaujourdhuietdemain.fr\/philippedelannoy\/wp-content\/uploads\/2023\/03\/IMG_20230310_161534_9-2-1-1024x768.jpg\" alt=\"\" class=\"wp-image-1421\" srcset=\"https:\/\/www.roubaixaujourdhuietdemain.fr\/philippedelannoy\/wp-content\/uploads\/2023\/03\/IMG_20230310_161534_9-2-1-1024x768.jpg 1024w, https:\/\/www.roubaixaujourdhuietdemain.fr\/philippedelannoy\/wp-content\/uploads\/2023\/03\/IMG_20230310_161534_9-2-1-300x225.jpg 300w, https:\/\/www.roubaixaujourdhuietdemain.fr\/philippedelannoy\/wp-content\/uploads\/2023\/03\/IMG_20230310_161534_9-2-1-768x576.jpg 768w, https:\/\/www.roubaixaujourdhuietdemain.fr\/philippedelannoy\/wp-content\/uploads\/2023\/03\/IMG_20230310_161534_9-2-1-1536x1152.jpg 1536w, https:\/\/www.roubaixaujourdhuietdemain.fr\/philippedelannoy\/wp-content\/uploads\/2023\/03\/IMG_20230310_161534_9-2-1-2048x1536.jpg 2048w, https:\/\/www.roubaixaujourdhuietdemain.fr\/philippedelannoy\/wp-content\/uploads\/2023\/03\/IMG_20230310_161534_9-2-1-624x468.jpg 624w\" sizes=\"auto, (max-width: 1024px) 100vw, 1024px\" \/><\/a><\/figure>\n\n\n\n\n\n<figure class=\"wp-block-image size-large\"><a href=\"http:\/\/www.roubaixaujourdhuietdemain.fr\/philippedelannoy\/wp-content\/uploads\/2023\/03\/IMG_20230308_181523_1-2-scaled.jpg\"><img loading=\"lazy\" decoding=\"async\" width=\"768\" height=\"1024\" src=\"http:\/\/www.roubaixaujourdhuietdemain.fr\/philippedelannoy\/wp-content\/uploads\/2023\/03\/IMG_20230308_181523_1-2-768x1024.jpg\" alt=\"\" class=\"wp-image-1422\" srcset=\"https:\/\/www.roubaixaujourdhuietdemain.fr\/philippedelannoy\/wp-content\/uploads\/2023\/03\/IMG_20230308_181523_1-2-768x1024.jpg 768w, https:\/\/www.roubaixaujourdhuietdemain.fr\/philippedelannoy\/wp-content\/uploads\/2023\/03\/IMG_20230308_181523_1-2-225x300.jpg 225w, https:\/\/www.roubaixaujourdhuietdemain.fr\/philippedelannoy\/wp-content\/uploads\/2023\/03\/IMG_20230308_181523_1-2-1152x1536.jpg 1152w, https:\/\/www.roubaixaujourdhuietdemain.fr\/philippedelannoy\/wp-content\/uploads\/2023\/03\/IMG_20230308_181523_1-2-1536x2048.jpg 1536w, https:\/\/www.roubaixaujourdhuietdemain.fr\/philippedelannoy\/wp-content\/uploads\/2023\/03\/IMG_20230308_181523_1-2-624x832.jpg 624w, https:\/\/www.roubaixaujourdhuietdemain.fr\/philippedelannoy\/wp-content\/uploads\/2023\/03\/IMG_20230308_181523_1-2-scaled.jpg 1920w\" sizes=\"auto, (max-width: 768px) 100vw, 768px\" \/><\/a><\/figure>\n\n\n\n<figure class=\"wp-block-image size-full\"><a href=\"http:\/\/www.roubaixaujourdhuietdemain.fr\/philippedelannoy\/wp-content\/uploads\/2023\/03\/1678289536013-3-1.jpg\"><img loading=\"lazy\" decoding=\"async\" width=\"306\" height=\"408\" src=\"http:\/\/www.roubaixaujourdhuietdemain.fr\/philippedelannoy\/wp-content\/uploads\/2023\/03\/1678289536013-3-1.jpg\" alt=\"\" class=\"wp-image-1424\" srcset=\"https:\/\/www.roubaixaujourdhuietdemain.fr\/philippedelannoy\/wp-content\/uploads\/2023\/03\/1678289536013-3-1.jpg 306w, https:\/\/www.roubaixaujourdhuietdemain.fr\/philippedelannoy\/wp-content\/uploads\/2023\/03\/1678289536013-3-1-225x300.jpg 225w\" sizes=\"auto, (max-width: 306px) 100vw, 306px\" \/><\/a><\/figure>\n\n\n\n<figure class=\"wp-block-image size-large\"><a href=\"http:\/\/www.roubaixaujourdhuietdemain.fr\/philippedelannoy\/wp-content\/uploads\/2023\/03\/IMG_20230305_180821_9-2-scaled.jpg\"><img loading=\"lazy\" decoding=\"async\" width=\"768\" height=\"1024\" src=\"http:\/\/www.roubaixaujourdhuietdemain.fr\/philippedelannoy\/wp-content\/uploads\/2023\/03\/IMG_20230305_180821_9-2-768x1024.jpg\" alt=\"\" class=\"wp-image-1425\" srcset=\"https:\/\/www.roubaixaujourdhuietdemain.fr\/philippedelannoy\/wp-content\/uploads\/2023\/03\/IMG_20230305_180821_9-2-768x1024.jpg 768w, https:\/\/www.roubaixaujourdhuietdemain.fr\/philippedelannoy\/wp-content\/uploads\/2023\/03\/IMG_20230305_180821_9-2-225x300.jpg 225w, https:\/\/www.roubaixaujourdhuietdemain.fr\/philippedelannoy\/wp-content\/uploads\/2023\/03\/IMG_20230305_180821_9-2-1152x1536.jpg 1152w, https:\/\/www.roubaixaujourdhuietdemain.fr\/philippedelannoy\/wp-content\/uploads\/2023\/03\/IMG_20230305_180821_9-2-1536x2048.jpg 1536w, https:\/\/www.roubaixaujourdhuietdemain.fr\/philippedelannoy\/wp-content\/uploads\/2023\/03\/IMG_20230305_180821_9-2-624x832.jpg 624w, https:\/\/www.roubaixaujourdhuietdemain.fr\/philippedelannoy\/wp-content\/uploads\/2023\/03\/IMG_20230305_180821_9-2-scaled.jpg 1920w\" sizes=\"auto, (max-width: 768px) 100vw, 768px\" \/><\/a><\/figure>\n\n\n\n<figure class=\"wp-block-image size-full\"><a href=\"http:\/\/www.roubaixaujourdhuietdemain.fr\/philippedelannoy\/wp-content\/uploads\/2023\/03\/1678289521459-3.jpg\"><img loading=\"lazy\" decoding=\"async\" width=\"408\" height=\"306\" src=\"http:\/\/www.roubaixaujourdhuietdemain.fr\/philippedelannoy\/wp-content\/uploads\/2023\/03\/1678289521459-3.jpg\" alt=\"\" class=\"wp-image-1426\" srcset=\"https:\/\/www.roubaixaujourdhuietdemain.fr\/philippedelannoy\/wp-content\/uploads\/2023\/03\/1678289521459-3.jpg 408w, https:\/\/www.roubaixaujourdhuietdemain.fr\/philippedelannoy\/wp-content\/uploads\/2023\/03\/1678289521459-3-300x225.jpg 300w\" sizes=\"auto, (max-width: 408px) 100vw, 408px\" \/><\/a><\/figure>\n\n\n\n<figure class=\"wp-block-image size-large\"><a href=\"http:\/\/www.roubaixaujourdhuietdemain.fr\/philippedelannoy\/wp-content\/uploads\/2023\/03\/IMG_20211201_165440_4-3-scaled.jpg\"><img loading=\"lazy\" decoding=\"async\" width=\"1024\" height=\"768\" src=\"http:\/\/www.roubaixaujourdhuietdemain.fr\/philippedelannoy\/wp-content\/uploads\/2023\/03\/IMG_20211201_165440_4-3-1024x768.jpg\" alt=\"\" class=\"wp-image-1427\" srcset=\"https:\/\/www.roubaixaujourdhuietdemain.fr\/philippedelannoy\/wp-content\/uploads\/2023\/03\/IMG_20211201_165440_4-3-1024x768.jpg 1024w, https:\/\/www.roubaixaujourdhuietdemain.fr\/philippedelannoy\/wp-content\/uploads\/2023\/03\/IMG_20211201_165440_4-3-300x225.jpg 300w, https:\/\/www.roubaixaujourdhuietdemain.fr\/philippedelannoy\/wp-content\/uploads\/2023\/03\/IMG_20211201_165440_4-3-768x576.jpg 768w, https:\/\/www.roubaixaujourdhuietdemain.fr\/philippedelannoy\/wp-content\/uploads\/2023\/03\/IMG_20211201_165440_4-3-1536x1152.jpg 1536w, https:\/\/www.roubaixaujourdhuietdemain.fr\/philippedelannoy\/wp-content\/uploads\/2023\/03\/IMG_20211201_165440_4-3-2048x1536.jpg 2048w, https:\/\/www.roubaixaujourdhuietdemain.fr\/philippedelannoy\/wp-content\/uploads\/2023\/03\/IMG_20211201_165440_4-3-624x468.jpg 624w\" sizes=\"auto, (max-width: 1024px) 100vw, 1024px\" \/><\/a><\/figure>\n\n\n\n<figure class=\"wp-block-image size-large\"><a href=\"http:\/\/www.roubaixaujourdhuietdemain.fr\/philippedelannoy\/wp-content\/uploads\/2023\/03\/IMG_20230310_161213_1-3-scaled.jpg\"><img loading=\"lazy\" decoding=\"async\" width=\"1024\" height=\"768\" src=\"http:\/\/www.roubaixaujourdhuietdemain.fr\/philippedelannoy\/wp-content\/uploads\/2023\/03\/IMG_20230310_161213_1-3-1024x768.jpg\" alt=\"\" class=\"wp-image-1428\" srcset=\"https:\/\/www.roubaixaujourdhuietdemain.fr\/philippedelannoy\/wp-content\/uploads\/2023\/03\/IMG_20230310_161213_1-3-1024x768.jpg 1024w, https:\/\/www.roubaixaujourdhuietdemain.fr\/philippedelannoy\/wp-content\/uploads\/2023\/03\/IMG_20230310_161213_1-3-300x225.jpg 300w, https:\/\/www.roubaixaujourdhuietdemain.fr\/philippedelannoy\/wp-content\/uploads\/2023\/03\/IMG_20230310_161213_1-3-768x576.jpg 768w, https:\/\/www.roubaixaujourdhuietdemain.fr\/philippedelannoy\/wp-content\/uploads\/2023\/03\/IMG_20230310_161213_1-3-1536x1152.jpg 1536w, https:\/\/www.roubaixaujourdhuietdemain.fr\/philippedelannoy\/wp-content\/uploads\/2023\/03\/IMG_20230310_161213_1-3-2048x1536.jpg 2048w, https:\/\/www.roubaixaujourdhuietdemain.fr\/philippedelannoy\/wp-content\/uploads\/2023\/03\/IMG_20230310_161213_1-3-624x468.jpg 624w\" sizes=\"auto, (max-width: 1024px) 100vw, 1024px\" \/><\/a><\/figure>\n","protected":false},"excerpt":{"rendered":"<p>\u00a0 \u00a0 J\u2019\u00e9tais \u00e0 la r\u00e9union publique, quartiers centre, du 2 mars 2023. M. le Maire de Roubaix \u00e9tait annonc\u00e9. Il \u00e9tait absent. Dommage. Le sujet concernait le cadre de vie du centre et au-del\u00e0 ; sa pr\u00e9sence me semblait indispensable dans la continuit\u00e9 de ses engagements \u00e9lectoraux. Ses adjoints, Mme Mezouane et M. Garcin [&hellip;]<\/p>\n","protected":false},"author":2,"featured_media":0,"comment_status":"open","ping_status":"open","sticky":false,"template":"","format":"standard","meta":{"footnotes":""},"categories":[8,9],"tags":[],"class_list":["post-1418","post","type-post","status-publish","format-standard","hentry","category-cadre-de-vie","category-commerce"],"_links":{"self":[{"href":"https:\/\/www.roubaixaujourdhuietdemain.fr\/philippedelannoy\/wp-json\/wp\/v2\/posts\/1418","targetHints":{"allow":["GET"]}}],"collection":[{"href":"https:\/\/www.roubaixaujourdhuietdemain.fr\/philippedelannoy\/wp-json\/wp\/v2\/posts"}],"about":[{"href":"https:\/\/www.roubaixaujourdhuietdemain.fr\/philippedelannoy\/wp-json\/wp\/v2\/types\/post"}],"author":[{"embeddable":true,"href":"https:\/\/www.roubaixaujourdhuietdemain.fr\/philippedelannoy\/wp-json\/wp\/v2\/users\/2"}],"replies":[{"embeddable":true,"href":"https:\/\/www.roubaixaujourdhuietdemain.fr\/philippedelannoy\/wp-json\/wp\/v2\/comments?post=1418"}],"version-history":[{"count":1,"href":"https:\/\/www.roubaixaujourdhuietdemain.fr\/philippedelannoy\/wp-json\/wp\/v2\/posts\/1418\/revisions"}],"predecessor-version":[{"id":1429,"href":"https:\/\/www.roubaixaujourdhuietdemain.fr\/philippedelannoy\/wp-json\/wp\/v2\/posts\/1418\/revisions\/1429"}],"wp:attachment":[{"href":"https:\/\/www.roubaixaujourdhuietdemain.fr\/philippedelannoy\/wp-json\/wp\/v2\/media?parent=1418"}],"wp:term":[{"taxonomy":"category","embeddable":true,"href":"https:\/\/www.roubaixaujourdhuietdemain.fr\/philippedelannoy\/wp-json\/wp\/v2\/categories?post=1418"},{"taxonomy":"post_tag","embeddable":true,"href":"https:\/\/www.roubaixaujourdhuietdemain.fr\/philippedelannoy\/wp-json\/wp\/v2\/tags?post=1418"}],"curies":[{"name":"wp","href":"https:\/\/api.w.org\/{rel}","templated":true}]}}