{"id":1430,"date":"2023-09-21T16:43:52","date_gmt":"2023-09-21T15:43:52","guid":{"rendered":"http:\/\/www.roubaixaujourdhuietdemain.fr\/philippedelannoy\/?p=1430"},"modified":"2023-11-09T16:48:50","modified_gmt":"2023-11-09T15:48:50","slug":"gabegie-a-roubaix","status":"publish","type":"post","link":"https:\/\/www.roubaixaujourdhuietdemain.fr\/philippedelannoy\/2023\/09\/21\/gabegie-a-roubaix\/","title":{"rendered":"Gabegie \u00e0 Roubaix ! Il e\u00fbt \u00e9t\u00e9 pr\u00e9f\u00e9rable"},"content":{"rendered":"\n<p><mark>C\u2019\u00e9tait hier, en 2020\/2021<\/mark> des travaux cons\u00e9quents ont \u00e9t\u00e9 r\u00e9alis\u00e9s rue du Vieil-Abreuvoir \u00e0 Roubaix en particulier la pose d\u2019un nouveau sol en dalles de granit. Le travail a demand\u00e9 plusieurs mois. Vous pouvez compter pour la fourniture un co\u00fbt de l\u2019ordre de 100 \u20ac le m2, surface approximative 3000 m2 soit 300.000 \u20ac de dalles si on ajoute la main d\u2019\u0153uvre vous pouvez compter 1.500.000 \u20ac&nbsp;: total 1.800.000 \u20ac<\/p>\n\n\n\n<p><mark>En f\u00e9vrier 2021<\/mark> des \u00e9quipes se sont relay\u00e9es pendant plusieurs semaines de fa\u00e7on \u00e0 carotter 200 fois cet \u00e9pais granit afin d\u2019installer de part et d\u2019autre des barri\u00e8res et potelets. Une barri\u00e8re co\u00fbte de l\u2019ordre de 220 \u20ac, un potelet 135 \u20ac. En clair, avec la main d\u2019\u0153uvre des travaux qui doivent atteindre&nbsp;&nbsp;&nbsp; 500.000 \u20ac.<mark> Fin 2021 tout est en ordre<\/mark> la rue avec quelques bacs \u00e0 fleurs \u00e0 un nouveau visage pour un co\u00fbt de l\u2019ordre de 2 millions 800.000 \u20ac.<\/p>\n\n\n\n<p>Mais voil\u00e0, <strong><u>18 mois plus tard<\/u><\/strong> ces travaux gigantesques r\u00e9ussis disons-le, ne conviennent plus \u00e0 nos \u00e9diles et de concert avec la MEL ils viennent \u00e0 penser qu\u2019il aurait fallu faire autrement.<\/p>\n\n\n\n<p>2023, les bacs \u00e0 fleurs, mauvaise id\u00e9e, on se met \u00e0 creuser sur 20 emplacements de 1,5 m2 les impressionnantes dalles de granit pour installer de la verdure en pleine terre. Les barri\u00e8res et les potelets, mauvaise id\u00e9e, on envoie des \u00e9quipes pour les enlever et les remplacer par 200 clous de d\u00e9limitation de l\u2019ordre de 50 \u20ac pi\u00e8ce. On creuse encore pour installer cette fois des bornes r\u00e9tractables qui hors main d\u2019\u0153uvre ne co\u00fbtent pas moins de l\u2019ordre de 6000 \u20ac pi\u00e8ces. <strong>Nous ne devons pas \u00eatre en dessous de 200.000 \u20ac de surco\u00fbt, triste d\u00e9sordre r\u00e9sultant d\u2019une mauvaise gestion de travaux.<\/strong><\/p>\n\n\n\n<figure class=\"wp-block-image size-full is-resized\"><a href=\"http:\/\/www.roubaixaujourdhuietdemain.fr\/philippedelannoy\/wp-content\/uploads\/2023\/09\/travaux-pour-arbuste-rue-du-vieil-abreuvoie.jpg\"><img loading=\"lazy\" decoding=\"async\" src=\"http:\/\/www.roubaixaujourdhuietdemain.fr\/philippedelannoy\/wp-content\/uploads\/2023\/09\/travaux-pour-arbuste-rue-du-vieil-abreuvoie.jpg\" alt=\"\" class=\"wp-image-1431\" width=\"609\" height=\"456\" srcset=\"https:\/\/www.roubaixaujourdhuietdemain.fr\/philippedelannoy\/wp-content\/uploads\/2023\/09\/travaux-pour-arbuste-rue-du-vieil-abreuvoie.jpg 609w, https:\/\/www.roubaixaujourdhuietdemain.fr\/philippedelannoy\/wp-content\/uploads\/2023\/09\/travaux-pour-arbuste-rue-du-vieil-abreuvoie-300x225.jpg 300w\" sizes=\"auto, (max-width: 609px) 100vw, 609px\" \/><\/a><\/figure>\n\n\n\n<p><\/p>\n\n\n\n<figure class=\"wp-block-image size-large\"><a href=\"http:\/\/www.roubaixaujourdhuietdemain.fr\/philippedelannoy\/wp-content\/uploads\/2023\/09\/IMG_20230912_111957_0-scaled.jpg\"><img loading=\"lazy\" decoding=\"async\" width=\"699\" height=\"1024\" src=\"http:\/\/www.roubaixaujourdhuietdemain.fr\/philippedelannoy\/wp-content\/uploads\/2023\/09\/IMG_20230912_111957_0-699x1024.jpg\" alt=\"\" class=\"wp-image-1432\" srcset=\"https:\/\/www.roubaixaujourdhuietdemain.fr\/philippedelannoy\/wp-content\/uploads\/2023\/09\/IMG_20230912_111957_0-699x1024.jpg 699w, https:\/\/www.roubaixaujourdhuietdemain.fr\/philippedelannoy\/wp-content\/uploads\/2023\/09\/IMG_20230912_111957_0-205x300.jpg 205w, https:\/\/www.roubaixaujourdhuietdemain.fr\/philippedelannoy\/wp-content\/uploads\/2023\/09\/IMG_20230912_111957_0-768x1125.jpg 768w, https:\/\/www.roubaixaujourdhuietdemain.fr\/philippedelannoy\/wp-content\/uploads\/2023\/09\/IMG_20230912_111957_0-1049x1536.jpg 1049w, https:\/\/www.roubaixaujourdhuietdemain.fr\/philippedelannoy\/wp-content\/uploads\/2023\/09\/IMG_20230912_111957_0-1398x2048.jpg 1398w, https:\/\/www.roubaixaujourdhuietdemain.fr\/philippedelannoy\/wp-content\/uploads\/2023\/09\/IMG_20230912_111957_0-624x914.jpg 624w, https:\/\/www.roubaixaujourdhuietdemain.fr\/philippedelannoy\/wp-content\/uploads\/2023\/09\/IMG_20230912_111957_0-scaled.jpg 1748w\" sizes=\"auto, (max-width: 699px) 100vw, 699px\" \/><\/a><\/figure>\n\n\n\n<p>Une telle gabegie dans une ville class\u00e9 la treizi\u00e8me ville la plus pauvre de France (taux de pauvret\u00e9 44 %) pose probl\u00e8me. Il e\u00fbt \u00e9t\u00e9 pr\u00e9f\u00e9rable de consacrer les 200.000 \u20ac \u00e0 la maintenance du bien public qui laisse s\u00e9rieusement \u00e0 d\u00e9sirer. Au lieu, d&rsquo;entretenir et de r\u00e9parer \u00e0 l&rsquo;identique notre environnement une fois endommag\u00e9 il reste en l&rsquo;\u00e9tat ou il est r\u00e9par\u00e9 avec des cataplasmes.<\/p>\n\n\n\n<p><\/p>\n\n\n\n<figure class=\"wp-block-image\"><img loading=\"lazy\" decoding=\"async\" width=\"2560\" height=\"2082\" src=\"https:\/\/www.roubaixaujourdhuietdemain.fr\/philippedelannoy\/wp-content\/uploads\/2023\/11\/Maintenance-1-scaled.jpg\" alt=\"\" class=\"wp-image-1438\" srcset=\"https:\/\/www.roubaixaujourdhuietdemain.fr\/philippedelannoy\/wp-content\/uploads\/2023\/11\/Maintenance-1-scaled.jpg 2560w, https:\/\/www.roubaixaujourdhuietdemain.fr\/philippedelannoy\/wp-content\/uploads\/2023\/11\/Maintenance-1-300x244.jpg 300w, https:\/\/www.roubaixaujourdhuietdemain.fr\/philippedelannoy\/wp-content\/uploads\/2023\/11\/Maintenance-1-1024x833.jpg 1024w, https:\/\/www.roubaixaujourdhuietdemain.fr\/philippedelannoy\/wp-content\/uploads\/2023\/11\/Maintenance-1-768x625.jpg 768w, https:\/\/www.roubaixaujourdhuietdemain.fr\/philippedelannoy\/wp-content\/uploads\/2023\/11\/Maintenance-1-1536x1249.jpg 1536w, https:\/\/www.roubaixaujourdhuietdemain.fr\/philippedelannoy\/wp-content\/uploads\/2023\/11\/Maintenance-1-2048x1666.jpg 2048w, https:\/\/www.roubaixaujourdhuietdemain.fr\/philippedelannoy\/wp-content\/uploads\/2023\/11\/Maintenance-1-624x507.jpg 624w\" sizes=\"auto, (max-width: 2560px) 100vw, 2560px\" \/><figcaption class=\"wp-element-caption\">Maintenance-1<\/figcaption><\/figure>\n\n\n\n<p>Cerise sur le g\u00e2teau je suis pass\u00e9 les 19\/20\/21 septembre 2023 dans ce qui devait \u00eatre une rue pi\u00e9tonne&nbsp;; en v\u00e9rit\u00e9 c\u2019est devenu, apr\u00e8s les 200.000 \u20ac de surco\u00fbt de travaux, un parking pour voiture&nbsp;! Quelque part une aubaine pour les r\u00e9sidents qui ne savent plus o\u00f9 garer leur voiture, le parking a\u00e9rien \u00e0 \u00e9tages de 369 places \u00e0 proximit\u00e9 \u00e9tant ferm\u00e9 de m\u00e9moire depuis 2010. Deux cent&nbsp;d\u2019entre eux y garaient leur v\u00e9hicule.<\/p>\n\n\n\n<figure class=\"wp-block-image size-large\"><a href=\"http:\/\/www.roubaixaujourdhuietdemain.fr\/philippedelannoy\/wp-content\/uploads\/2023\/09\/IMG_20230920_104056_7-1-scaled.jpg\"><img loading=\"lazy\" decoding=\"async\" width=\"786\" height=\"1024\" src=\"http:\/\/www.roubaixaujourdhuietdemain.fr\/philippedelannoy\/wp-content\/uploads\/2023\/09\/IMG_20230920_104056_7-1-786x1024.jpg\" alt=\"\" class=\"wp-image-1434\" srcset=\"https:\/\/www.roubaixaujourdhuietdemain.fr\/philippedelannoy\/wp-content\/uploads\/2023\/09\/IMG_20230920_104056_7-1-786x1024.jpg 786w, https:\/\/www.roubaixaujourdhuietdemain.fr\/philippedelannoy\/wp-content\/uploads\/2023\/09\/IMG_20230920_104056_7-1-230x300.jpg 230w, https:\/\/www.roubaixaujourdhuietdemain.fr\/philippedelannoy\/wp-content\/uploads\/2023\/09\/IMG_20230920_104056_7-1-768x1000.jpg 768w, https:\/\/www.roubaixaujourdhuietdemain.fr\/philippedelannoy\/wp-content\/uploads\/2023\/09\/IMG_20230920_104056_7-1-1179x1536.jpg 1179w, https:\/\/www.roubaixaujourdhuietdemain.fr\/philippedelannoy\/wp-content\/uploads\/2023\/09\/IMG_20230920_104056_7-1-1572x2048.jpg 1572w, https:\/\/www.roubaixaujourdhuietdemain.fr\/philippedelannoy\/wp-content\/uploads\/2023\/09\/IMG_20230920_104056_7-1-624x813.jpg 624w, https:\/\/www.roubaixaujourdhuietdemain.fr\/philippedelannoy\/wp-content\/uploads\/2023\/09\/IMG_20230920_104056_7-1-scaled.jpg 1965w\" sizes=\"auto, (max-width: 786px) 100vw, 786px\" \/><\/a><\/figure>\n","protected":false},"excerpt":{"rendered":"<p>C\u2019\u00e9tait hier, en 2020\/2021 des travaux cons\u00e9quents ont \u00e9t\u00e9 r\u00e9alis\u00e9s rue du Vieil-Abreuvoir \u00e0 Roubaix en particulier la pose d\u2019un nouveau sol en dalles de granit. Le travail a demand\u00e9 plusieurs mois. Vous pouvez compter pour la fourniture un co\u00fbt de l\u2019ordre de 100 \u20ac le m2, surface approximative 3000 m2 soit 300.000 \u20ac de [&hellip;]<\/p>\n","protected":false},"author":2,"featured_media":0,"comment_status":"open","ping_status":"open","sticky":false,"template":"","format":"standard","meta":{"footnotes":""},"categories":[8,3],"tags":[],"class_list":["post-1430","post","type-post","status-publish","format-standard","hentry","category-cadre-de-vie","category-lurbanisme"],"_links":{"self":[{"href":"https:\/\/www.roubaixaujourdhuietdemain.fr\/philippedelannoy\/wp-json\/wp\/v2\/posts\/1430","targetHints":{"allow":["GET"]}}],"collection":[{"href":"https:\/\/www.roubaixaujourdhuietdemain.fr\/philippedelannoy\/wp-json\/wp\/v2\/posts"}],"about":[{"href":"https:\/\/www.roubaixaujourdhuietdemain.fr\/philippedelannoy\/wp-json\/wp\/v2\/types\/post"}],"author":[{"embeddable":true,"href":"https:\/\/www.roubaixaujourdhuietdemain.fr\/philippedelannoy\/wp-json\/wp\/v2\/users\/2"}],"replies":[{"embeddable":true,"href":"https:\/\/www.roubaixaujourdhuietdemain.fr\/philippedelannoy\/wp-json\/wp\/v2\/comments?post=1430"}],"version-history":[{"count":3,"href":"https:\/\/www.roubaixaujourdhuietdemain.fr\/philippedelannoy\/wp-json\/wp\/v2\/posts\/1430\/revisions"}],"predecessor-version":[{"id":1446,"href":"https:\/\/www.roubaixaujourdhuietdemain.fr\/philippedelannoy\/wp-json\/wp\/v2\/posts\/1430\/revisions\/1446"}],"wp:attachment":[{"href":"https:\/\/www.roubaixaujourdhuietdemain.fr\/philippedelannoy\/wp-json\/wp\/v2\/media?parent=1430"}],"wp:term":[{"taxonomy":"category","embeddable":true,"href":"https:\/\/www.roubaixaujourdhuietdemain.fr\/philippedelannoy\/wp-json\/wp\/v2\/categories?post=1430"},{"taxonomy":"post_tag","embeddable":true,"href":"https:\/\/www.roubaixaujourdhuietdemain.fr\/philippedelannoy\/wp-json\/wp\/v2\/tags?post=1430"}],"curies":[{"name":"wp","href":"https:\/\/api.w.org\/{rel}","templated":true}]}}