{"id":1440,"date":"2023-11-09T16:46:16","date_gmt":"2023-11-09T15:46:16","guid":{"rendered":"https:\/\/www.roubaixaujourdhuietdemain.fr\/philippedelannoy\/?p=1440"},"modified":"2023-11-09T16:46:17","modified_gmt":"2023-11-09T15:46:17","slug":"tolerance-zero-ou-es-tu","status":"publish","type":"post","link":"https:\/\/www.roubaixaujourdhuietdemain.fr\/philippedelannoy\/2023\/11\/09\/tolerance-zero-ou-es-tu\/","title":{"rendered":"\u00ab\u00a0Tol\u00e9rance z\u00e9ro\u00a0\u00bb o\u00f9 es-tu ?"},"content":{"rendered":"\n<p><strong>Pendant les campagnes municipales on clame\u00a0: \u00ab\u00a0Tol\u00e9rance z\u00e9ro\u00a0\u00bb.<\/strong><strong>Une fois \u00e9lu on devient\u00a0:\u00a0\u00ab\u00a0super tol\u00e9rant\u00a0\u00bb au d\u00e9triment des plus vuln\u00e9rables.<\/strong><\/p>\n<p>Regardez la photo ci-dessous prise le 7 novembre \u00e0 10H rue du Grand Chemin \u00e0 Roubaix mais aussi celle prise rue du Cur\u00e9. Que voyez-vous\u00a0? Le trottoir sert de parking. En me d\u00e9portant sur la chauss\u00e9e pour continuer mon chemin, je me suis fait insulter par un automobiliste. Un sentiment de r\u00e9volte m\u2019a envahi \u2026 mais j\u2019ai surtout pens\u00e9 aux mamans avec leurs enfants et aux handicap\u00e9s.<\/p>\n<p><img decoding=\"async\" src=\"https:\/\/www.roubaixaujourdhuietdemain.fr\/philippedelannoy\/wp-content\/uploads\/2023\/11\/07-11-2023-2-scaled.jpg\" alt=\"L\u2019attribut alt de cette image est vide, son nom de fichier est 07-11-2023-2-scaled.jpg.\" \/><\/p>\n<p>Situation exceptionnelle direz-vous. Non pas du tout. C\u2019est r\u00e9current et nos \u00ab\u00a0grands ayatollahs\u00a0\u00bb d\u2019une circulation apais\u00e9e disons le famili\u00e8rement\u00a0: \u00ab\u00a0Ils en n\u2019ont rien \u00e0 cirer\u00a0\u00bb. Ils pr\u00e9f\u00e8rent d\u00e9verser des tonnes de peinture sur la chauss\u00e9e, multiplier les interdictions, laisser les v\u00e9los et les trottinettes faire n\u2019importent quoi en leur facilitant m\u00eame leur d\u00e9lire, supprimer des places de stationnement, multiplier le stationnement payant, cr\u00e9er des zones pi\u00e9tonnes sans pi\u00e9tons, r\u00e9duire les couloirs de circulation \u2026 alors m\u00eame qu\u2019ils ne sont pas capables de faire respecter les r\u00e8gles \u00e9l\u00e9mentaires du code de la route.<\/p>\n<p>Pourquoi je me permets d\u2019\u00e9crire \u00ab\u00a0Ils en n\u2019ont rien \u00e0 cirer\u00a0\u00bb\u00a0? D\u00e9j\u00e0 bien avant la municipalit\u00e9 actuelle je soulevais ces d\u00e9sordres mais les consignes \u00e9taient de fermer les yeux avant les \u00e9lections. J\u2019ai r\u00e9cidiv\u00e9 avec ceux qui nous annon\u00e7aient la tol\u00e9rance z\u00e9ro. Le 4 avril 2023 de 18h30 \u00e0 19h45 j\u2019ai m\u00eame r\u00e9ussi \u00e0 inviter \u00e0 bord de ma voiture l\u2019un des \u00e9lus, fervent \u00ab\u00a0d\u2019une circulation apais\u00e9e\u00a0\u00bb afin de lui faire prendre conscience de la situation de la circulation et du stationnement dans notre belle ville de Roubaix notamment dans les quartiers Nord, Est et Centre (rue du Cur\u00e9). Il a eu de quoi se r\u00e9galer. Je me rappelle ses appels \u00e0 la police municipale pour verbaliser \u00e0 l\u2019aide des cam\u00e9ras\u00a0; pas de chances elles ne fonctionnaient pas. Bref, j\u2019aurais pu penser qu\u2019apr\u00e8s cette prise de conscience il aurait agi, mais non rien n\u2019a chang\u00e9 depuis 8 mois. L\u00e0 o\u00f9 nous sommes pass\u00e9s ensemble, les incivilit\u00e9s restent la r\u00e8gle. Il reste la t\u00eate dans le guidon pour r\u00e9duire les couloirs de circulation, colorer la chauss\u00e9e, supprimer des places de stationnement par exemple rue Amp\u00e8re \u00e0 l\u2019entr\u00e9e du cimeti\u00e8re \u2026 tient voil\u00e0 peut-\u00eatre aussi en partie pourquoi certains automobilistes se garent n\u2019importent o\u00f9. On supprime des places de stationnement sans en cr\u00e9er suffisamment de nouvelles.<\/p>\n<p>Tous ces dysfonctionnements ne sont-ils pas en d\u00e9finitive le r\u00e9sultat d\u2019une politique de la ville incoh\u00e9rente\u00a0?<\/p>\n\n\n\n<figure class=\"wp-block-image\"><img loading=\"lazy\" decoding=\"async\" width=\"1920\" height=\"2560\" src=\"https:\/\/www.roubaixaujourdhuietdemain.fr\/philippedelannoy\/wp-content\/uploads\/2023\/11\/07-11-2023-3-scaled.jpg\" alt=\"\" class=\"wp-image-1444\" srcset=\"https:\/\/www.roubaixaujourdhuietdemain.fr\/philippedelannoy\/wp-content\/uploads\/2023\/11\/07-11-2023-3-scaled.jpg 1920w, https:\/\/www.roubaixaujourdhuietdemain.fr\/philippedelannoy\/wp-content\/uploads\/2023\/11\/07-11-2023-3-225x300.jpg 225w, https:\/\/www.roubaixaujourdhuietdemain.fr\/philippedelannoy\/wp-content\/uploads\/2023\/11\/07-11-2023-3-768x1024.jpg 768w, https:\/\/www.roubaixaujourdhuietdemain.fr\/philippedelannoy\/wp-content\/uploads\/2023\/11\/07-11-2023-3-1152x1536.jpg 1152w, https:\/\/www.roubaixaujourdhuietdemain.fr\/philippedelannoy\/wp-content\/uploads\/2023\/11\/07-11-2023-3-1536x2048.jpg 1536w, https:\/\/www.roubaixaujourdhuietdemain.fr\/philippedelannoy\/wp-content\/uploads\/2023\/11\/07-11-2023-3-624x832.jpg 624w\" sizes=\"auto, (max-width: 1920px) 100vw, 1920px\" \/><\/figure>\n\n\n\n\n\n<figure class=\"wp-block-image size-large\"><a href=\"http:\/\/www.roubaixaujourdhuietdemain.fr\/philippedelannoy\/wp-content\/uploads\/2023\/11\/7-11-2023-1-scaled.jpg\"><img loading=\"lazy\" decoding=\"async\" width=\"1024\" height=\"768\" src=\"http:\/\/www.roubaixaujourdhuietdemain.fr\/philippedelannoy\/wp-content\/uploads\/2023\/11\/7-11-2023-1-1024x768.jpg\" alt=\"\" class=\"wp-image-1442\" srcset=\"https:\/\/www.roubaixaujourdhuietdemain.fr\/philippedelannoy\/wp-content\/uploads\/2023\/11\/7-11-2023-1-1024x768.jpg 1024w, https:\/\/www.roubaixaujourdhuietdemain.fr\/philippedelannoy\/wp-content\/uploads\/2023\/11\/7-11-2023-1-300x225.jpg 300w, https:\/\/www.roubaixaujourdhuietdemain.fr\/philippedelannoy\/wp-content\/uploads\/2023\/11\/7-11-2023-1-768x576.jpg 768w, https:\/\/www.roubaixaujourdhuietdemain.fr\/philippedelannoy\/wp-content\/uploads\/2023\/11\/7-11-2023-1-1536x1152.jpg 1536w, https:\/\/www.roubaixaujourdhuietdemain.fr\/philippedelannoy\/wp-content\/uploads\/2023\/11\/7-11-2023-1-2048x1536.jpg 2048w, https:\/\/www.roubaixaujourdhuietdemain.fr\/philippedelannoy\/wp-content\/uploads\/2023\/11\/7-11-2023-1-624x468.jpg 624w\" sizes=\"auto, (max-width: 1024px) 100vw, 1024px\" \/><\/a><\/figure>\n","protected":false},"excerpt":{"rendered":"<p>Pendant les campagnes municipales on clame\u00a0: \u00ab\u00a0Tol\u00e9rance z\u00e9ro\u00a0\u00bb.Une fois \u00e9lu on devient\u00a0:\u00a0\u00ab\u00a0super tol\u00e9rant\u00a0\u00bb au d\u00e9triment des plus vuln\u00e9rables. Regardez la photo ci-dessous prise le 7 novembre \u00e0 10H rue du Grand Chemin \u00e0 Roubaix mais aussi celle prise rue du Cur\u00e9. Que voyez-vous\u00a0? Le trottoir sert de parking. En me d\u00e9portant sur la chauss\u00e9e pour [&hellip;]<\/p>\n","protected":false},"author":2,"featured_media":0,"comment_status":"open","ping_status":"open","sticky":false,"template":"","format":"standard","meta":{"footnotes":""},"categories":[8],"tags":[],"class_list":["post-1440","post","type-post","status-publish","format-standard","hentry","category-cadre-de-vie"],"_links":{"self":[{"href":"https:\/\/www.roubaixaujourdhuietdemain.fr\/philippedelannoy\/wp-json\/wp\/v2\/posts\/1440","targetHints":{"allow":["GET"]}}],"collection":[{"href":"https:\/\/www.roubaixaujourdhuietdemain.fr\/philippedelannoy\/wp-json\/wp\/v2\/posts"}],"about":[{"href":"https:\/\/www.roubaixaujourdhuietdemain.fr\/philippedelannoy\/wp-json\/wp\/v2\/types\/post"}],"author":[{"embeddable":true,"href":"https:\/\/www.roubaixaujourdhuietdemain.fr\/philippedelannoy\/wp-json\/wp\/v2\/users\/2"}],"replies":[{"embeddable":true,"href":"https:\/\/www.roubaixaujourdhuietdemain.fr\/philippedelannoy\/wp-json\/wp\/v2\/comments?post=1440"}],"version-history":[{"count":2,"href":"https:\/\/www.roubaixaujourdhuietdemain.fr\/philippedelannoy\/wp-json\/wp\/v2\/posts\/1440\/revisions"}],"predecessor-version":[{"id":1445,"href":"https:\/\/www.roubaixaujourdhuietdemain.fr\/philippedelannoy\/wp-json\/wp\/v2\/posts\/1440\/revisions\/1445"}],"wp:attachment":[{"href":"https:\/\/www.roubaixaujourdhuietdemain.fr\/philippedelannoy\/wp-json\/wp\/v2\/media?parent=1440"}],"wp:term":[{"taxonomy":"category","embeddable":true,"href":"https:\/\/www.roubaixaujourdhuietdemain.fr\/philippedelannoy\/wp-json\/wp\/v2\/categories?post=1440"},{"taxonomy":"post_tag","embeddable":true,"href":"https:\/\/www.roubaixaujourdhuietdemain.fr\/philippedelannoy\/wp-json\/wp\/v2\/tags?post=1440"}],"curies":[{"name":"wp","href":"https:\/\/api.w.org\/{rel}","templated":true}]}}