{"id":1447,"date":"2023-12-03T19:29:23","date_gmt":"2023-12-03T18:29:23","guid":{"rendered":"https:\/\/www.roubaixaujourdhuietdemain.fr\/philippedelannoy\/?p=1447"},"modified":"2023-12-03T19:29:25","modified_gmt":"2023-12-03T18:29:25","slug":"ne-demolissez-pas-laissez-les-vivre-heureux","status":"publish","type":"post","link":"https:\/\/www.roubaixaujourdhuietdemain.fr\/philippedelannoy\/2023\/12\/03\/ne-demolissez-pas-laissez-les-vivre-heureux\/","title":{"rendered":"Ne d\u00e9molissez pas &#8211; Laissez les vivre heureux"},"content":{"rendered":"\n<p><strong>A Roubaix dans le quartier de l\u2019Alma&nbsp;: des drones, des murs en b\u00e9ton pour prot\u00e9ger des d\u00e9molitions contest\u00e9es&nbsp;!<\/strong><\/p>\n\n\n\n<p>Le maire, M. Guillaume Delbar, n\u2019a peut-\u00eatre pas demand\u00e9&nbsp;: ni l\u2019usage de drones de surveillance, ni la mise en place d\u2019un mur de b\u00e9ton <strong>mais incontestablement ce sont les cons\u00e9quences de son obstination \u00e0 d\u00e9molir une partie de notre patrimoine sans se soucier ni de la crise du logement, ni des drames humains qu\u2019il fait na\u00eetre notamment dans la cour Lepers.<\/strong><\/p>\n\n\n\n<p>Il semble ignorer qu\u2019il se met \u00e0 dos une partie de son \u00e9lectorat tr\u00e8s attach\u00e9 au patrimoine immobilier \u00ab&nbsp;richesse de la ville&nbsp;\u00bb. Il y a eu dans le pass\u00e9 (1950\/1970) tellement d\u2019erreurs de d\u00e9molition.&nbsp;Comment peut-il tomber dans les m\u00eames \u00e9garements&nbsp;?<\/p>\n\n\n\n<p>De plus, pour une autre raison, il a au-dessus de la t\u00eate une \u00e9p\u00e9e de Damocl\u00e8s. Aussi dans l\u2019attente la sagesse voudrait qu\u2019il suspende les trois programmes de d\u00e9molition contest\u00e9e&nbsp;:<\/p>\n\n\n\n<ol class=\"wp-block-list\" type=\"1\">\n<li>Celui de l\u2019Alma \u2013 comment peut-on vouloir d\u00e9molir un b\u00e2timent de cette qualit\u00e9&nbsp;! <img loading=\"lazy\" decoding=\"async\" width=\"150\" height=\"88\" class=\"wp-image-1448\" style=\"width: 150px;\" src=\"http:\/\/www.roubaixaujourdhuietdemain.fr\/philippedelannoy\/wp-content\/uploads\/2023\/12\/Demolitions-contestees-4-scaled.jpg\" alt=\"\" srcset=\"https:\/\/www.roubaixaujourdhuietdemain.fr\/philippedelannoy\/wp-content\/uploads\/2023\/12\/Demolitions-contestees-4-scaled.jpg 2560w, https:\/\/www.roubaixaujourdhuietdemain.fr\/philippedelannoy\/wp-content\/uploads\/2023\/12\/Demolitions-contestees-4-300x176.jpg 300w, https:\/\/www.roubaixaujourdhuietdemain.fr\/philippedelannoy\/wp-content\/uploads\/2023\/12\/Demolitions-contestees-4-1024x601.jpg 1024w, https:\/\/www.roubaixaujourdhuietdemain.fr\/philippedelannoy\/wp-content\/uploads\/2023\/12\/Demolitions-contestees-4-768x451.jpg 768w, https:\/\/www.roubaixaujourdhuietdemain.fr\/philippedelannoy\/wp-content\/uploads\/2023\/12\/Demolitions-contestees-4-1536x902.jpg 1536w, https:\/\/www.roubaixaujourdhuietdemain.fr\/philippedelannoy\/wp-content\/uploads\/2023\/12\/Demolitions-contestees-4-2048x1202.jpg 2048w, https:\/\/www.roubaixaujourdhuietdemain.fr\/philippedelannoy\/wp-content\/uploads\/2023\/12\/Demolitions-contestees-4-624x366.jpg 624w\" sizes=\"auto, (max-width: 150px) 100vw, 150px\" \/><\/li>\n\n\n\n<li>Celui de la cour Lepers, mais laissez donc vivre heureux ces gens modestes qui ne pourront jamais retrouver une habitation \u00e9quivalente avec leur maigre indemnit\u00e9 d&rsquo;\u00e9viction.<\/li>\n\n\n\n<li> <img loading=\"lazy\" decoding=\"async\" width=\"150\" height=\"113\" class=\"wp-image-1449\" style=\"width: 150px;\" src=\"http:\/\/www.roubaixaujourdhuietdemain.fr\/philippedelannoy\/wp-content\/uploads\/2023\/12\/Demolitions-contestees-5-scaled.jpg\" alt=\"\" srcset=\"https:\/\/www.roubaixaujourdhuietdemain.fr\/philippedelannoy\/wp-content\/uploads\/2023\/12\/Demolitions-contestees-5-scaled.jpg 2560w, https:\/\/www.roubaixaujourdhuietdemain.fr\/philippedelannoy\/wp-content\/uploads\/2023\/12\/Demolitions-contestees-5-300x225.jpg 300w, https:\/\/www.roubaixaujourdhuietdemain.fr\/philippedelannoy\/wp-content\/uploads\/2023\/12\/Demolitions-contestees-5-1024x768.jpg 1024w, https:\/\/www.roubaixaujourdhuietdemain.fr\/philippedelannoy\/wp-content\/uploads\/2023\/12\/Demolitions-contestees-5-768x576.jpg 768w, https:\/\/www.roubaixaujourdhuietdemain.fr\/philippedelannoy\/wp-content\/uploads\/2023\/12\/Demolitions-contestees-5-1536x1152.jpg 1536w, https:\/\/www.roubaixaujourdhuietdemain.fr\/philippedelannoy\/wp-content\/uploads\/2023\/12\/Demolitions-contestees-5-2048x1536.jpg 2048w, https:\/\/www.roubaixaujourdhuietdemain.fr\/philippedelannoy\/wp-content\/uploads\/2023\/12\/Demolitions-contestees-5-624x468.jpg 624w\" sizes=\"auto, (max-width: 150px) 100vw, 150px\" \/>  <img loading=\"lazy\" decoding=\"async\" width=\"150\" height=\"113\" class=\"wp-image-1450\" style=\"width: 150px;\" src=\"http:\/\/www.roubaixaujourdhuietdemain.fr\/philippedelannoy\/wp-content\/uploads\/2023\/12\/Demolitions-contestees-3-scaled.jpg\" alt=\"\" srcset=\"https:\/\/www.roubaixaujourdhuietdemain.fr\/philippedelannoy\/wp-content\/uploads\/2023\/12\/Demolitions-contestees-3-scaled.jpg 2560w, https:\/\/www.roubaixaujourdhuietdemain.fr\/philippedelannoy\/wp-content\/uploads\/2023\/12\/Demolitions-contestees-3-300x225.jpg 300w, https:\/\/www.roubaixaujourdhuietdemain.fr\/philippedelannoy\/wp-content\/uploads\/2023\/12\/Demolitions-contestees-3-1024x768.jpg 1024w, https:\/\/www.roubaixaujourdhuietdemain.fr\/philippedelannoy\/wp-content\/uploads\/2023\/12\/Demolitions-contestees-3-768x576.jpg 768w, https:\/\/www.roubaixaujourdhuietdemain.fr\/philippedelannoy\/wp-content\/uploads\/2023\/12\/Demolitions-contestees-3-1536x1152.jpg 1536w, https:\/\/www.roubaixaujourdhuietdemain.fr\/philippedelannoy\/wp-content\/uploads\/2023\/12\/Demolitions-contestees-3-2048x1536.jpg 2048w, https:\/\/www.roubaixaujourdhuietdemain.fr\/philippedelannoy\/wp-content\/uploads\/2023\/12\/Demolitions-contestees-3-624x468.jpg 624w\" sizes=\"auto, (max-width: 150px) 100vw, 150px\" \/><\/li>\n\n\n\n<li>Celui de l\u2019immeuble 22\/24 rue du Ch\u00e2teau, immeuble t\u00e9moin d\u2019une \u00e9poque cl\u00e9 de l\u2019histoire industrielle de la ville.<\/li>\n\n\n\n<li><img loading=\"lazy\" decoding=\"async\" width=\"150\" height=\"113\" class=\"wp-image-1451\" style=\"width: 150px;\" src=\"http:\/\/www.roubaixaujourdhuietdemain.fr\/philippedelannoy\/wp-content\/uploads\/2023\/12\/Demolitions-contestees-1-scaled.jpg\" alt=\"\" srcset=\"https:\/\/www.roubaixaujourdhuietdemain.fr\/philippedelannoy\/wp-content\/uploads\/2023\/12\/Demolitions-contestees-1-scaled.jpg 2560w, https:\/\/www.roubaixaujourdhuietdemain.fr\/philippedelannoy\/wp-content\/uploads\/2023\/12\/Demolitions-contestees-1-300x225.jpg 300w, https:\/\/www.roubaixaujourdhuietdemain.fr\/philippedelannoy\/wp-content\/uploads\/2023\/12\/Demolitions-contestees-1-1024x768.jpg 1024w, https:\/\/www.roubaixaujourdhuietdemain.fr\/philippedelannoy\/wp-content\/uploads\/2023\/12\/Demolitions-contestees-1-768x576.jpg 768w, https:\/\/www.roubaixaujourdhuietdemain.fr\/philippedelannoy\/wp-content\/uploads\/2023\/12\/Demolitions-contestees-1-1536x1152.jpg 1536w, https:\/\/www.roubaixaujourdhuietdemain.fr\/philippedelannoy\/wp-content\/uploads\/2023\/12\/Demolitions-contestees-1-2048x1536.jpg 2048w, https:\/\/www.roubaixaujourdhuietdemain.fr\/philippedelannoy\/wp-content\/uploads\/2023\/12\/Demolitions-contestees-1-624x468.jpg 624w\" sizes=\"auto, (max-width: 150px) 100vw, 150px\" \/>  <img loading=\"lazy\" decoding=\"async\" width=\"150\" height=\"113\" class=\"wp-image-1412\" style=\"width: 150px;\" src=\"http:\/\/www.roubaixaujourdhuietdemain.fr\/philippedelannoy\/wp-content\/uploads\/2023\/02\/IMG_20230210_112932_9-1-scaled.jpg\" alt=\"\" srcset=\"https:\/\/www.roubaixaujourdhuietdemain.fr\/philippedelannoy\/wp-content\/uploads\/2023\/02\/IMG_20230210_112932_9-1-scaled.jpg 2560w, https:\/\/www.roubaixaujourdhuietdemain.fr\/philippedelannoy\/wp-content\/uploads\/2023\/02\/IMG_20230210_112932_9-1-300x225.jpg 300w, https:\/\/www.roubaixaujourdhuietdemain.fr\/philippedelannoy\/wp-content\/uploads\/2023\/02\/IMG_20230210_112932_9-1-1024x768.jpg 1024w, https:\/\/www.roubaixaujourdhuietdemain.fr\/philippedelannoy\/wp-content\/uploads\/2023\/02\/IMG_20230210_112932_9-1-768x576.jpg 768w, https:\/\/www.roubaixaujourdhuietdemain.fr\/philippedelannoy\/wp-content\/uploads\/2023\/02\/IMG_20230210_112932_9-1-1536x1152.jpg 1536w, https:\/\/www.roubaixaujourdhuietdemain.fr\/philippedelannoy\/wp-content\/uploads\/2023\/02\/IMG_20230210_112932_9-1-2048x1536.jpg 2048w, https:\/\/www.roubaixaujourdhuietdemain.fr\/philippedelannoy\/wp-content\/uploads\/2023\/02\/IMG_20230210_112932_9-1-624x468.jpg 624w\" sizes=\"auto, (max-width: 150px) 100vw, 150px\" \/><\/li>\n<\/ol>\n\n\n\n<p>Il y a plut\u00f4t urgence de se pencher sur un programme de r\u00e9novation (1)&amp;(2). C\u2019est ce qui est souhait\u00e9 par un grand nombre de roubaisiens et roubaisiennes soutenus par des architectes, la Soci\u00e9t\u00e9 d\u2019Emulation de Roubaix, de nombreux collectifs de tout bord politique. S\u2019il devait partir \u00e0 l\u2019issue du proc\u00e8s en appel pour fraude fiscale pr\u00e9vu en f\u00e9vrier 2024 au moins sur ce sujet il laisserait une image positive en suspendant ces d\u00e9molitions.<\/p>\n\n\n\n<p>Tous les roubaisiens et roubaisiennes, mais aussi d\u2019une fa\u00e7on plus large tous les citoyens attach\u00e9s au patrimoine culturel de la France sont invit\u00e9s \u00e0 \u00e9crire ou transf\u00e9rer le pr\u00e9sent message \u00e0 Monsieur le Maire \u00ab gdelbar@ville-roubaix.fr \u00bb en indiquant qu\u2019ils soutiennent cette supplique de bon sens.<\/p>\n\n\n\n<p>Merci de votre aide<\/p>\n\n\n","protected":false},"excerpt":{"rendered":"<p>A Roubaix dans le quartier de l\u2019Alma&nbsp;: des drones, des murs en b\u00e9ton pour prot\u00e9ger des d\u00e9molitions contest\u00e9es&nbsp;! Le maire, M. Guillaume Delbar, n\u2019a peut-\u00eatre pas demand\u00e9&nbsp;: ni l\u2019usage de drones de surveillance, ni la mise en place d\u2019un mur de b\u00e9ton mais incontestablement ce sont les cons\u00e9quences de son obstination \u00e0 d\u00e9molir une partie [&hellip;]<\/p>\n","protected":false},"author":2,"featured_media":0,"comment_status":"open","ping_status":"open","sticky":false,"template":"","format":"standard","meta":{"footnotes":""},"categories":[8,4],"tags":[],"class_list":["post-1447","post","type-post","status-publish","format-standard","hentry","category-cadre-de-vie","category-patrimoine"],"_links":{"self":[{"href":"https:\/\/www.roubaixaujourdhuietdemain.fr\/philippedelannoy\/wp-json\/wp\/v2\/posts\/1447","targetHints":{"allow":["GET"]}}],"collection":[{"href":"https:\/\/www.roubaixaujourdhuietdemain.fr\/philippedelannoy\/wp-json\/wp\/v2\/posts"}],"about":[{"href":"https:\/\/www.roubaixaujourdhuietdemain.fr\/philippedelannoy\/wp-json\/wp\/v2\/types\/post"}],"author":[{"embeddable":true,"href":"https:\/\/www.roubaixaujourdhuietdemain.fr\/philippedelannoy\/wp-json\/wp\/v2\/users\/2"}],"replies":[{"embeddable":true,"href":"https:\/\/www.roubaixaujourdhuietdemain.fr\/philippedelannoy\/wp-json\/wp\/v2\/comments?post=1447"}],"version-history":[{"count":2,"href":"https:\/\/www.roubaixaujourdhuietdemain.fr\/philippedelannoy\/wp-json\/wp\/v2\/posts\/1447\/revisions"}],"predecessor-version":[{"id":1455,"href":"https:\/\/www.roubaixaujourdhuietdemain.fr\/philippedelannoy\/wp-json\/wp\/v2\/posts\/1447\/revisions\/1455"}],"wp:attachment":[{"href":"https:\/\/www.roubaixaujourdhuietdemain.fr\/philippedelannoy\/wp-json\/wp\/v2\/media?parent=1447"}],"wp:term":[{"taxonomy":"category","embeddable":true,"href":"https:\/\/www.roubaixaujourdhuietdemain.fr\/philippedelannoy\/wp-json\/wp\/v2\/categories?post=1447"},{"taxonomy":"post_tag","embeddable":true,"href":"https:\/\/www.roubaixaujourdhuietdemain.fr\/philippedelannoy\/wp-json\/wp\/v2\/tags?post=1447"}],"curies":[{"name":"wp","href":"https:\/\/api.w.org\/{rel}","templated":true}]}}