{"id":1485,"date":"2024-12-23T17:21:48","date_gmt":"2024-12-23T16:21:48","guid":{"rendered":"https:\/\/www.roubaixaujourdhuietdemain.fr\/philippedelannoy\/?p=1485"},"modified":"2024-12-23T17:21:49","modified_gmt":"2024-12-23T16:21:49","slug":"du-mauvais-usage-de-la-pelleteuse","status":"publish","type":"post","link":"https:\/\/www.roubaixaujourdhuietdemain.fr\/philippedelannoy\/2024\/12\/23\/du-mauvais-usage-de-la-pelleteuse\/","title":{"rendered":"Du mauvais usage de la pelleteuse"},"content":{"rendered":"\n<p>Du mauvais usage de la pelleteuse offerte lors des v\u0153ux 2024 \u00e0 M. le Maire de Roubaix.<br>Regardez une derni\u00e8re fois les arches des fen\u00eatres, du style n\u00e9oclassique, dessin\u00e9es et construites en 1840 par les architectes de l\u2019\u00e9poque. C\u2019\u00e9tait au 22\/24 rue du Ch\u00e2teau, le plus ancien t\u00e9moignage des \u00ab maisons de fabricant \u00bb m\u00ealant l\u2019habitation de l\u2019entrepreneur avec les locaux de magasinage \u00e0 vocation textile. C\u2019\u00e9tait juste avant que d\u00e9colle l\u2019industrialisation et l\u2019essor de Roubaix. Ce b\u00e2timent en bon \u00e9tat aurait m\u00e9rit\u00e9 d\u2019\u00eatre mis en valeur.<br>En plus d\u2019avoir d\u00e9truit notre patrimoine, je doute que Vinci puisse r\u00e9aliser un b\u00e2timent d\u2019une aussi belle facture.<\/p>\n\n\n\n<figure class=\"wp-block-image size-large\"><a href=\"https:\/\/www.roubaixaujourdhuietdemain.fr\/philippedelannoy\/wp-content\/uploads\/2024\/12\/IMG_20241216_121310.jpg\"><img loading=\"lazy\" decoding=\"async\" width=\"1024\" height=\"564\" src=\"https:\/\/www.roubaixaujourdhuietdemain.fr\/philippedelannoy\/wp-content\/uploads\/2024\/12\/IMG_20241216_121310-1024x564.jpg\" alt=\"\" class=\"wp-image-1486\" srcset=\"https:\/\/www.roubaixaujourdhuietdemain.fr\/philippedelannoy\/wp-content\/uploads\/2024\/12\/IMG_20241216_121310-1024x564.jpg 1024w, https:\/\/www.roubaixaujourdhuietdemain.fr\/philippedelannoy\/wp-content\/uploads\/2024\/12\/IMG_20241216_121310-300x165.jpg 300w, https:\/\/www.roubaixaujourdhuietdemain.fr\/philippedelannoy\/wp-content\/uploads\/2024\/12\/IMG_20241216_121310-768x423.jpg 768w, https:\/\/www.roubaixaujourdhuietdemain.fr\/philippedelannoy\/wp-content\/uploads\/2024\/12\/IMG_20241216_121310-1536x846.jpg 1536w, https:\/\/www.roubaixaujourdhuietdemain.fr\/philippedelannoy\/wp-content\/uploads\/2024\/12\/IMG_20241216_121310-624x344.jpg 624w, https:\/\/www.roubaixaujourdhuietdemain.fr\/philippedelannoy\/wp-content\/uploads\/2024\/12\/IMG_20241216_121310.jpg 1705w\" sizes=\"auto, (max-width: 1024px) 100vw, 1024px\" \/><\/a><\/figure>\n","protected":false},"excerpt":{"rendered":"<p>Du mauvais usage de la pelleteuse offerte lors des v\u0153ux 2024 \u00e0 M. le Maire de Roubaix.Regardez une derni\u00e8re fois les arches des fen\u00eatres, du style n\u00e9oclassique, dessin\u00e9es et construites en 1840 par les architectes de l\u2019\u00e9poque. C\u2019\u00e9tait au 22\/24 rue du Ch\u00e2teau, le plus ancien t\u00e9moignage des \u00ab maisons de fabricant \u00bb m\u00ealant l\u2019habitation [&hellip;]<\/p>\n","protected":false},"author":2,"featured_media":0,"comment_status":"open","ping_status":"open","sticky":false,"template":"","format":"standard","meta":{"footnotes":""},"categories":[8,3,4],"tags":[],"class_list":["post-1485","post","type-post","status-publish","format-standard","hentry","category-cadre-de-vie","category-lurbanisme","category-patrimoine"],"_links":{"self":[{"href":"https:\/\/www.roubaixaujourdhuietdemain.fr\/philippedelannoy\/wp-json\/wp\/v2\/posts\/1485","targetHints":{"allow":["GET"]}}],"collection":[{"href":"https:\/\/www.roubaixaujourdhuietdemain.fr\/philippedelannoy\/wp-json\/wp\/v2\/posts"}],"about":[{"href":"https:\/\/www.roubaixaujourdhuietdemain.fr\/philippedelannoy\/wp-json\/wp\/v2\/types\/post"}],"author":[{"embeddable":true,"href":"https:\/\/www.roubaixaujourdhuietdemain.fr\/philippedelannoy\/wp-json\/wp\/v2\/users\/2"}],"replies":[{"embeddable":true,"href":"https:\/\/www.roubaixaujourdhuietdemain.fr\/philippedelannoy\/wp-json\/wp\/v2\/comments?post=1485"}],"version-history":[{"count":1,"href":"https:\/\/www.roubaixaujourdhuietdemain.fr\/philippedelannoy\/wp-json\/wp\/v2\/posts\/1485\/revisions"}],"predecessor-version":[{"id":1487,"href":"https:\/\/www.roubaixaujourdhuietdemain.fr\/philippedelannoy\/wp-json\/wp\/v2\/posts\/1485\/revisions\/1487"}],"wp:attachment":[{"href":"https:\/\/www.roubaixaujourdhuietdemain.fr\/philippedelannoy\/wp-json\/wp\/v2\/media?parent=1485"}],"wp:term":[{"taxonomy":"category","embeddable":true,"href":"https:\/\/www.roubaixaujourdhuietdemain.fr\/philippedelannoy\/wp-json\/wp\/v2\/categories?post=1485"},{"taxonomy":"post_tag","embeddable":true,"href":"https:\/\/www.roubaixaujourdhuietdemain.fr\/philippedelannoy\/wp-json\/wp\/v2\/tags?post=1485"}],"curies":[{"name":"wp","href":"https:\/\/api.w.org\/{rel}","templated":true}]}}