{"id":1489,"date":"2025-01-02T17:25:43","date_gmt":"2025-01-02T16:25:43","guid":{"rendered":"https:\/\/www.roubaixaujourdhuietdemain.fr\/philippedelannoy\/?p=1489"},"modified":"2025-01-02T17:25:44","modified_gmt":"2025-01-02T16:25:44","slug":"circulation-au-centre-de-roubaix","status":"publish","type":"post","link":"https:\/\/www.roubaixaujourdhuietdemain.fr\/philippedelannoy\/2025\/01\/02\/circulation-au-centre-de-roubaix\/","title":{"rendered":"Circulation au centre de Roubaix"},"content":{"rendered":"\n<p>R\u00e9flexions et suggestions sur le projet d\u2019am\u00e9nagement des rues du Grand Chemin et du G\u00e9n\u00e9ral Sarrail \u00e0 Roubaix<br>A l\u2019attention des responsables de la voirie \u00e0 la mairie, la MEL et des habitants des deux rues en cause<br>Votre souhait serait de passer ces deux rues en 1 seul sens de circulation.<br>Actuellement les 2 tiers des participants au questionnaire diffus\u00e9 pour recenser les attentes des riverains se prononcent pour un sens de circulation allant de la rue de l\u2019\u00e9peule vers la Grand-place. Il pourrait \u00eatre constructif de leur demander s\u2019ils maintiennent leur position apr\u00e8s leur avoir soumis l\u2019\u00e9tude ci-dessous qui pr\u00e9conise le sens de circulation de la Grand-place vers l\u2019\u00e9peule.<br>1er constat : le probl\u00e8me de la circulation au centre- ville se pose essentiellement quand la masse des travailleurs venus de communes avoisinantes arrivent et quittent leur travail mais aussi lors d\u2019\u00e9v\u00e8nements exceptionnels.<br>2\u00e8me constat : dans les trois situations reprises ci-dessous la circulation du centre-ville est paralys\u00e9e.<br>3\u00e8me constat : actuellement la jonction de la rue du G\u00e9n\u00e9ral Sarrail avec la Grand-place est r\u00e9gul\u00e9e par un feu tricolore qui permet le passage de 4 voitures \u00e0 chaque changement de feu. Mais heureusement actuellement un bon nombre d\u2019automobiliste peut s\u2019\u00e9chapper vers l\u2019\u00e9peule puisque toute la rue n\u2019est pas encore en sens interdit.<br>Interrogation ? : faut-il vraiment encore alourdir le nombre des voitures au passage du feu tricolore pour ensuite les diriger vers la rue du Mar\u00e9chal Foch d\u00e9j\u00e0 congestionn\u00e9e. Le choix des habitants de ses rues est d\u2019autant plus \u00e9tonnant qu\u2019ils d\u00e9clarent \u00e0 92% se rendre au centre \u00e0 pied.<br>Les seuls qui seront g\u00ean\u00e9s seront donc ceux qui viennent travailler chez nous ainsi que ceux qui viennent pour diverses raisons dans notre centre-ville ! Nous pensons aussi aux automobilistes sortant du parking de la rue Neuve, du nouveau parking public de la rue du G. Sarrail, des entreprises de la m\u00eame rue auxquels il faudra ajouter tous les automobilistes sortant des 10 parkings d\u2019immeuble de la rue du Grand Chemin + en partie ceux sortant des parkings du Colis\u00e9e, de la r\u00e9sidence du Palais de justice, du mus\u00e9e, de la salle Watremez.<br>Les avantages de retenir le sens de circulation de la Grand-place vers l\u2019\u00e9peule :<\/p>\n\n\n\n<ul class=\"wp-block-list\">\n<li>D\u00e9sengorger le centre-ville,<\/li>\n\n\n\n<li>Permettre \u00e0 ceux qui quittent la ville de rejoindre la route express et le Grand boulevard plus facilement.<br>Toutefois, pour fluidifier le passage vers le centre-ville il conviendrait de mettre une double voie de circulation \u00e0 partir de la rue de l\u2019Hospice jusqu\u2019\u00e0 la Grand place et d\u2019ouvrir la circulation dans le sens rue Neuve, rue du Curoir. La double voie permettra de d\u00e9sengorger la rue de l\u2019Hospice totalement satur\u00e9e aux heures de pointe. La possibilit\u00e9 de quitter le centre par la rue Neuve puis du Curoir soulagerait le flux de circulation de la rue du Mar\u00e9chal Foch. L\u2019acc\u00e8s au parking de la rue Neuve se ferait, soit par le passage au travers des immeubles de la rue du M. Foch vers la rue Neuve, soit par la rue du G. Sarrail.<br>Merci de votre attention,<br>Philippe Delannoy utilisateur de cet axe de circulation et propri\u00e9taire d\u2019un parking 15 rue du Grand Chemin &#8211; le 27\/12\/2024<br><\/li>\n<\/ul>\n\n\n\n<figure class=\"wp-block-image size-large\"><a href=\"https:\/\/www.roubaixaujourdhuietdemain.fr\/philippedelannoy\/wp-content\/uploads\/2025\/01\/img20241227_11472138.jpg\"><img loading=\"lazy\" decoding=\"async\" width=\"814\" height=\"1024\" src=\"https:\/\/www.roubaixaujourdhuietdemain.fr\/philippedelannoy\/wp-content\/uploads\/2025\/01\/img20241227_11472138-814x1024.jpg\" alt=\"\" class=\"wp-image-1490\" srcset=\"https:\/\/www.roubaixaujourdhuietdemain.fr\/philippedelannoy\/wp-content\/uploads\/2025\/01\/img20241227_11472138-814x1024.jpg 814w, https:\/\/www.roubaixaujourdhuietdemain.fr\/philippedelannoy\/wp-content\/uploads\/2025\/01\/img20241227_11472138-239x300.jpg 239w, https:\/\/www.roubaixaujourdhuietdemain.fr\/philippedelannoy\/wp-content\/uploads\/2025\/01\/img20241227_11472138-768x966.jpg 768w, https:\/\/www.roubaixaujourdhuietdemain.fr\/philippedelannoy\/wp-content\/uploads\/2025\/01\/img20241227_11472138-1221x1536.jpg 1221w, https:\/\/www.roubaixaujourdhuietdemain.fr\/philippedelannoy\/wp-content\/uploads\/2025\/01\/img20241227_11472138-624x785.jpg 624w, https:\/\/www.roubaixaujourdhuietdemain.fr\/philippedelannoy\/wp-content\/uploads\/2025\/01\/img20241227_11472138.jpg 1528w\" sizes=\"auto, (max-width: 814px) 100vw, 814px\" \/><\/a><\/figure>\n\n\n","protected":false},"excerpt":{"rendered":"<p>R\u00e9flexions et suggestions sur le projet d\u2019am\u00e9nagement des rues du Grand Chemin et du G\u00e9n\u00e9ral Sarrail \u00e0 RoubaixA l\u2019attention des responsables de la voirie \u00e0 la mairie, la MEL et des habitants des deux rues en causeVotre souhait serait de passer ces deux rues en 1 seul sens de circulation.Actuellement les 2 tiers des participants [&hellip;]<\/p>\n","protected":false},"author":2,"featured_media":0,"comment_status":"open","ping_status":"open","sticky":false,"template":"","format":"standard","meta":{"footnotes":""},"categories":[8,3],"tags":[],"class_list":["post-1489","post","type-post","status-publish","format-standard","hentry","category-cadre-de-vie","category-lurbanisme"],"_links":{"self":[{"href":"https:\/\/www.roubaixaujourdhuietdemain.fr\/philippedelannoy\/wp-json\/wp\/v2\/posts\/1489","targetHints":{"allow":["GET"]}}],"collection":[{"href":"https:\/\/www.roubaixaujourdhuietdemain.fr\/philippedelannoy\/wp-json\/wp\/v2\/posts"}],"about":[{"href":"https:\/\/www.roubaixaujourdhuietdemain.fr\/philippedelannoy\/wp-json\/wp\/v2\/types\/post"}],"author":[{"embeddable":true,"href":"https:\/\/www.roubaixaujourdhuietdemain.fr\/philippedelannoy\/wp-json\/wp\/v2\/users\/2"}],"replies":[{"embeddable":true,"href":"https:\/\/www.roubaixaujourdhuietdemain.fr\/philippedelannoy\/wp-json\/wp\/v2\/comments?post=1489"}],"version-history":[{"count":1,"href":"https:\/\/www.roubaixaujourdhuietdemain.fr\/philippedelannoy\/wp-json\/wp\/v2\/posts\/1489\/revisions"}],"predecessor-version":[{"id":1491,"href":"https:\/\/www.roubaixaujourdhuietdemain.fr\/philippedelannoy\/wp-json\/wp\/v2\/posts\/1489\/revisions\/1491"}],"wp:attachment":[{"href":"https:\/\/www.roubaixaujourdhuietdemain.fr\/philippedelannoy\/wp-json\/wp\/v2\/media?parent=1489"}],"wp:term":[{"taxonomy":"category","embeddable":true,"href":"https:\/\/www.roubaixaujourdhuietdemain.fr\/philippedelannoy\/wp-json\/wp\/v2\/categories?post=1489"},{"taxonomy":"post_tag","embeddable":true,"href":"https:\/\/www.roubaixaujourdhuietdemain.fr\/philippedelannoy\/wp-json\/wp\/v2\/tags?post=1489"}],"curies":[{"name":"wp","href":"https:\/\/api.w.org\/{rel}","templated":true}]}}