{"id":1499,"date":"2025-01-22T10:44:18","date_gmt":"2025-01-22T09:44:18","guid":{"rendered":"https:\/\/www.roubaixaujourdhuietdemain.fr\/philippedelannoy\/?p=1499"},"modified":"2025-01-22T10:44:18","modified_gmt":"2025-01-22T09:44:18","slug":"roubaix-lechec-dun-reve","status":"publish","type":"post","link":"https:\/\/www.roubaixaujourdhuietdemain.fr\/philippedelannoy\/2025\/01\/22\/roubaix-lechec-dun-reve\/","title":{"rendered":"Roubaix- L&rsquo;\u00e9chec d&rsquo;un r\u00eave"},"content":{"rendered":"\n\n\n<p>En mars 2023, la rue du Vieil Abreuvoir passe en rue pi\u00e9tonne.<br>Nous l\u2019avons visit\u00e9e le 23\/12\/2024 \u00e0 15h.<\/p>\n\n\n\n<p>Le d\u00e9roul\u00e9 : le 1 mars 2023 la presse locale annonce : \u00ab Des nouvelles rues pi\u00e9tonnes et leurs nouveaux commerces \u00bb, au centre de Roubaix.<br>Dans ROUBAIXXL \u00e0 la m\u00eame \u00e9poque vous pouviez lire : \u00ab Port\u00e9 par sa dynamique commerciale\u2026 un centre-ville plus attractif avec l\u2019appui du manager pour d\u00e9velopper des nouveaux commerces dans un centre-ville apais\u00e9 et v\u00e9g\u00e9talis\u00e9 \u00bb.<br>Si nous voulions \u00eatre taquin, nous dirions : \u00ab Effectivement c\u2019est particuli\u00e8rement apais\u00e9 ! \u00bb C\u2019\u00e9tait pr\u00e9visible. Voici un extrait de notre intervention \u00e0 la r\u00e9union publique du 2 mars 2023 :<br>\u00ab Mettre la rue du Vieil Abreuvoir, la rue du Cur\u00e9 et le contour Saint Martin en rues pi\u00e9tonnes, pourquoi pas, mais c\u2019est franchement pr\u00e9matur\u00e9 parce qu\u2019aujourd\u2019hui elles n\u2019ont pas d\u2019attrait et sont d\u00e9pourvues de passage. L\u2019arr\u00eat du tramway boulevard des Nations Unies ce n\u2019est pas pour demain. Un parking silo construit dans les ann\u00e9es 1980 rue du Cur\u00e9, \u00e0 seulement 300 pas de la grand-place, pouvait apporter le flux n\u00e9cessaire pour donner vie aux rues pi\u00e9tonnes envisag\u00e9es, mais ce n\u2019est pas l\u2019option retenue. Depuis 11 ans, il est ferm\u00e9 et on le laisse gentiment se d\u00e9grader d\u2019ann\u00e9e en ann\u00e9e. Par cons\u00e9quence, les commerces qui fonctionnent avec le passage ont peu de chance de d\u00e9gager un chiffre d\u2019affaires suffisant. \u00bb<br>(Article complet sur Facebook et sur le \u00ab Blog de Philippe Delannoy \u00bb)<br>C\u2019est avec tristesse que nous devons vous dire que nous avions malheureusement raison. Que d\u2019\u00e9conomie notre ville r\u00e9aliserait si on voulait bien \u00e9couter des roubaisiens de naissance qui connaissent bien leur ville, si particuli\u00e8re !<br>Nous vous proposons une petite vid\u00e9o d\u2019amateur prise avec les moyens du bord le lundi 23 d\u00e9cembre 2024 \u00e0 15h, voici le lien pour la visionner :<br>https:\/\/drive.google.com\/file\/d\/18TMuH_YKX11PTi58oBKQSDJUBmIQf-gZ\/view?usp=drivesdk .<br>Vous pourrez malheureusement constater la tristesse de la rue. Les 200.000 \u20ac d\u2019investissement (au bas mot) n\u2019ont pas \u00e9t\u00e9 rentabilis\u00e9s. C\u2019est pire que pr\u00e9c\u00e9demment. Les nouveaux commerces sont inactifs ou ferm\u00e9s les pi\u00e9tons sont absents, un comble pour un 23 d\u00e9cembre en pleine apr\u00e8s-midi.<br>En 2014, aux \u00e9lections municipales \u00ab Roubaix ultime espoir \u00bb menait une liste hors partis politiques. Les roubaisiens n\u2019\u00e9taient pas encore pr\u00eats \u00e0 faire confiance \u00e0 notre slogan \u00ab Place aux id\u00e9es \u00bb. Ils ont choisi des candidats issus de divers partis politiques. Esp\u00e9rons qu\u2019en 2026 une belle liste d\u2019espoir verra le jour. Entre nous, c\u2019est actuellement plut\u00f4t mal parti. Un parachut\u00e9 perclus d\u2019id\u00e9ologie destructive est d\u00e9j\u00e0 \u00e0 l\u2019\u0153uvre pour remplacer une \u00e9quipe DVD qui s\u2019est perdue elle-m\u00eame.<\/p>\n\n\n","protected":false},"excerpt":{"rendered":"<p>En mars 2023, la rue du Vieil Abreuvoir passe en rue pi\u00e9tonne.Nous l\u2019avons visit\u00e9e le 23\/12\/2024 \u00e0 15h. Le d\u00e9roul\u00e9 : le 1 mars 2023 la presse locale annonce : \u00ab Des nouvelles rues pi\u00e9tonnes et leurs nouveaux commerces \u00bb, au centre de Roubaix.Dans ROUBAIXXL \u00e0 la m\u00eame \u00e9poque vous pouviez lire : \u00ab Port\u00e9 [&hellip;]<\/p>\n","protected":false},"author":2,"featured_media":0,"comment_status":"open","ping_status":"open","sticky":false,"template":"","format":"standard","meta":{"footnotes":""},"categories":[8,9,7],"tags":[],"class_list":["post-1499","post","type-post","status-publish","format-standard","hentry","category-cadre-de-vie","category-commerce","category-politique"],"_links":{"self":[{"href":"https:\/\/www.roubaixaujourdhuietdemain.fr\/philippedelannoy\/wp-json\/wp\/v2\/posts\/1499","targetHints":{"allow":["GET"]}}],"collection":[{"href":"https:\/\/www.roubaixaujourdhuietdemain.fr\/philippedelannoy\/wp-json\/wp\/v2\/posts"}],"about":[{"href":"https:\/\/www.roubaixaujourdhuietdemain.fr\/philippedelannoy\/wp-json\/wp\/v2\/types\/post"}],"author":[{"embeddable":true,"href":"https:\/\/www.roubaixaujourdhuietdemain.fr\/philippedelannoy\/wp-json\/wp\/v2\/users\/2"}],"replies":[{"embeddable":true,"href":"https:\/\/www.roubaixaujourdhuietdemain.fr\/philippedelannoy\/wp-json\/wp\/v2\/comments?post=1499"}],"version-history":[{"count":1,"href":"https:\/\/www.roubaixaujourdhuietdemain.fr\/philippedelannoy\/wp-json\/wp\/v2\/posts\/1499\/revisions"}],"predecessor-version":[{"id":1500,"href":"https:\/\/www.roubaixaujourdhuietdemain.fr\/philippedelannoy\/wp-json\/wp\/v2\/posts\/1499\/revisions\/1500"}],"wp:attachment":[{"href":"https:\/\/www.roubaixaujourdhuietdemain.fr\/philippedelannoy\/wp-json\/wp\/v2\/media?parent=1499"}],"wp:term":[{"taxonomy":"category","embeddable":true,"href":"https:\/\/www.roubaixaujourdhuietdemain.fr\/philippedelannoy\/wp-json\/wp\/v2\/categories?post=1499"},{"taxonomy":"post_tag","embeddable":true,"href":"https:\/\/www.roubaixaujourdhuietdemain.fr\/philippedelannoy\/wp-json\/wp\/v2\/tags?post=1499"}],"curies":[{"name":"wp","href":"https:\/\/api.w.org\/{rel}","templated":true}]}}