{"id":15,"date":"2015-08-10T20:57:21","date_gmt":"2015-08-10T19:57:21","guid":{"rendered":"http:\/\/www.roubaixaujourdhuietdemain.fr\/philippedelannoy\/?p=15"},"modified":"2015-09-12T14:17:53","modified_gmt":"2015-09-12T13:17:53","slug":"le-mur-des-lamentations-a-roubaix","status":"publish","type":"post","link":"https:\/\/www.roubaixaujourdhuietdemain.fr\/philippedelannoy\/2015\/08\/10\/le-mur-des-lamentations-a-roubaix\/","title":{"rendered":"Le mur des \u00ab\u00a0lamentations\u00a0\u00bb \u00e0 Roubaix"},"content":{"rendered":"<p style=\"text-align: justify;\">C\u2019est un peu le feuilleton de l\u2019\u00e9t\u00e9 chez nous. \u00ab\u00a0Le mur des \u00e9tablissements Nollet doit-il \u00eatre sauv\u00e9\u00a0?\u00a0\u00bb titre la presse en y consacrant une page compl\u00e8te et de multiples reprises.<\/p>\n<p style=\"text-align: justify;\">Pour bien entr\u00e9e dans le sujet il convient de se rendre sur place. Ce mur rappelle notre histoire et le savoir faire des ouvriers du 19<sup>\u00e8me<\/sup> si\u00e8cle. Seulement faute d\u2019entretien sous les mandats des deux pr\u00e9c\u00e9dents maires il menace de s\u2019\u00e9crouler. Le nouveau maire et son \u00e9quipe h\u00e9ritent du cadeau et d\u00e9cident de le d\u00e9molir, finance oblige.<!--more--><\/p>\n<p style=\"text-align: justify;\">Franchement si l\u2019on fait vite les deux longs murs en angle des rues de Crouy et Soubise n\u2019apportent rien \u00e0 ce secteur combien triste et nous comprenons la premi\u00e8re r\u00e9action de M. Delbar. Nous pensons qu\u2019en affichant le co\u00fbt de la r\u00e9novation, le plus grand nombre des roubaisiens, les sans voix, diraient\u00a0: \u00ab\u00a0Il y a assez de mis\u00e8re \u00e0 Roubaix pour ne pas d\u00e9penser de l\u2019argent pour ce sinistre mur. Il ferait mieux de l\u2019utiliser pour assainir le quartier des bandes, des dealers \u2026 qui empoisonnent notre vie quotidienne.\u00a0\u00bb En r\u00e9alit\u00e9, c\u2019est sur la fa\u00e7on de traiter des sujets de ce type que M. Delbar sera jug\u00e9 post\u00e9rieurement. Au quotidien, il doit savoir anticiper l\u2019avenir et mettre la ville en \u00e9tat d\u2019\u00eatre attractive demain. C\u2019est pourquoi nous pensons qu\u2019il faut faire preuve d\u2019imagination dans cette affaire.<\/p>\n<p style=\"text-align: justify;\">Permettez-nous de donner un avis. Roubaix a une \u00e2me, c\u2019est son histoire et on a d\u00e9j\u00e0 suffisamment amput\u00e9e son patrimoine immobilier dans les ann\u00e9es 1960\/70 pour doubler de vigilance. Par exemple, les anciens en rage encore des fr\u00e9n\u00e9sies de d\u00e9molition du patrimoine d\u2019une bonne partie de l\u2019avenue du G\u00e9n\u00e9ral de Gaulle. Aussi, il y a peut-\u00eatre un juste milieu \u00e0 trouver. Pourquoi ne pas pr\u00e9server seulement une partie du mur\u00a0; une dizaine de m\u00e8tres sur la rue de Soubise et de m\u00eame sur la rue de Crouy jusqu\u2019\u00e0 l\u2019arche dont nous pourrions garder le d\u00e9part. L\u2019ensemble serait moins ferm\u00e9. Le co\u00fbt financier de la r\u00e9novation r\u00e9duit pourrait-\u00eatre inclus dans le projet immobilier \u00e0 venir et donc \u00e0 la charge du promoteur. Sa mission serait de mettre en valeur cette portion de mur pr\u00e9serv\u00e9e en l\u2019int\u00e9grant dans un petit espace paysager qui permettrait d\u2019en faire le tour, un \u00e9clairage \u00e0 Leds viendrait le soir venu souligner l\u2019esth\u00e9tique de l\u2019ouvrage. Son histoire serait reprise sur de panneaux didactiques sans lesquels le promeneur lambda ne peut pas s\u2019approprier cette marque du pass\u00e9, nous pensons que Corentin Cagnard (voir la page Facebook La Roubaisienne) serait fier de s\u2019en occuper.<\/p>\n<p style=\"text-align: justify;\">Du mur \u00ab\u00a0des lamentations\u00a0\u00bb nous aurions alors \u00e9crit une page d\u2019histoire \u00e0 la gloire de notre ville.<\/p>\n<p>Philippe Delannoy, Roubaix Aujourd\u2019hui et Demain<\/p>\n","protected":false},"excerpt":{"rendered":"<p>C\u2019est un peu le feuilleton de l\u2019\u00e9t\u00e9 chez nous. \u00ab\u00a0Le mur des \u00e9tablissements Nollet doit-il \u00eatre sauv\u00e9\u00a0?\u00a0\u00bb titre la presse en y consacrant une page compl\u00e8te et de multiples reprises. Pour bien entr\u00e9e dans le sujet il convient de se rendre sur place. Ce mur rappelle notre histoire et le savoir faire des ouvriers du [&hellip;]<\/p>\n","protected":false},"author":2,"featured_media":0,"comment_status":"open","ping_status":"open","sticky":false,"template":"","format":"standard","meta":{"footnotes":""},"categories":[4],"tags":[],"class_list":["post-15","post","type-post","status-publish","format-standard","hentry","category-patrimoine"],"_links":{"self":[{"href":"https:\/\/www.roubaixaujourdhuietdemain.fr\/philippedelannoy\/wp-json\/wp\/v2\/posts\/15","targetHints":{"allow":["GET"]}}],"collection":[{"href":"https:\/\/www.roubaixaujourdhuietdemain.fr\/philippedelannoy\/wp-json\/wp\/v2\/posts"}],"about":[{"href":"https:\/\/www.roubaixaujourdhuietdemain.fr\/philippedelannoy\/wp-json\/wp\/v2\/types\/post"}],"author":[{"embeddable":true,"href":"https:\/\/www.roubaixaujourdhuietdemain.fr\/philippedelannoy\/wp-json\/wp\/v2\/users\/2"}],"replies":[{"embeddable":true,"href":"https:\/\/www.roubaixaujourdhuietdemain.fr\/philippedelannoy\/wp-json\/wp\/v2\/comments?post=15"}],"version-history":[{"count":3,"href":"https:\/\/www.roubaixaujourdhuietdemain.fr\/philippedelannoy\/wp-json\/wp\/v2\/posts\/15\/revisions"}],"predecessor-version":[{"id":24,"href":"https:\/\/www.roubaixaujourdhuietdemain.fr\/philippedelannoy\/wp-json\/wp\/v2\/posts\/15\/revisions\/24"}],"wp:attachment":[{"href":"https:\/\/www.roubaixaujourdhuietdemain.fr\/philippedelannoy\/wp-json\/wp\/v2\/media?parent=15"}],"wp:term":[{"taxonomy":"category","embeddable":true,"href":"https:\/\/www.roubaixaujourdhuietdemain.fr\/philippedelannoy\/wp-json\/wp\/v2\/categories?post=15"},{"taxonomy":"post_tag","embeddable":true,"href":"https:\/\/www.roubaixaujourdhuietdemain.fr\/philippedelannoy\/wp-json\/wp\/v2\/tags?post=15"}],"curies":[{"name":"wp","href":"https:\/\/api.w.org\/{rel}","templated":true}]}}