{"id":1509,"date":"2025-06-11T10:40:47","date_gmt":"2025-06-11T09:40:47","guid":{"rendered":"http:\/\/www.roubaixaujourdhuietdemain.fr\/philippedelannoy\/?p=1509"},"modified":"2025-06-11T10:40:47","modified_gmt":"2025-06-11T09:40:47","slug":"la-richesse-de-la-diversite","status":"publish","type":"post","link":"https:\/\/www.roubaixaujourdhuietdemain.fr\/philippedelannoy\/2025\/06\/11\/la-richesse-de-la-diversite\/","title":{"rendered":"La richesse de la diversit\u00e9"},"content":{"rendered":"\n<p>A Roubaix, nous sommes nombreux \u00e0 penser que la diversit\u00e9 est une richesse. Hier, lundi de la Pentec\u00f4te, \u00e0 une encablure du centre-ville, se tenait la braderie de l\u2019Hommelet. Je l\u2019ai parcouru et j\u2019ai eu l\u2019impression que cette diversit\u00e9 nous \u00e9chappait.<\/p>\n\n\n\n<figure class=\"wp-block-image size-large\"><a href=\"http:\/\/www.roubaixaujourdhuietdemain.fr\/philippedelannoy\/wp-content\/uploads\/2025\/06\/IMG_20250609_121731.jpg\"><img loading=\"lazy\" decoding=\"async\" width=\"1024\" height=\"768\" src=\"http:\/\/www.roubaixaujourdhuietdemain.fr\/philippedelannoy\/wp-content\/uploads\/2025\/06\/IMG_20250609_121731-1024x768.jpg\" alt=\"\" class=\"wp-image-1510\" srcset=\"https:\/\/www.roubaixaujourdhuietdemain.fr\/philippedelannoy\/wp-content\/uploads\/2025\/06\/IMG_20250609_121731-1024x768.jpg 1024w, https:\/\/www.roubaixaujourdhuietdemain.fr\/philippedelannoy\/wp-content\/uploads\/2025\/06\/IMG_20250609_121731-300x225.jpg 300w, https:\/\/www.roubaixaujourdhuietdemain.fr\/philippedelannoy\/wp-content\/uploads\/2025\/06\/IMG_20250609_121731-768x576.jpg 768w, https:\/\/www.roubaixaujourdhuietdemain.fr\/philippedelannoy\/wp-content\/uploads\/2025\/06\/IMG_20250609_121731-1536x1152.jpg 1536w, https:\/\/www.roubaixaujourdhuietdemain.fr\/philippedelannoy\/wp-content\/uploads\/2025\/06\/IMG_20250609_121731-624x468.jpg 624w, https:\/\/www.roubaixaujourdhuietdemain.fr\/philippedelannoy\/wp-content\/uploads\/2025\/06\/IMG_20250609_121731.jpg 2048w\" sizes=\"auto, (max-width: 1024px) 100vw, 1024px\" \/><\/a><\/figure>\n","protected":false},"excerpt":{"rendered":"<p>A Roubaix, nous sommes nombreux \u00e0 penser que la diversit\u00e9 est une richesse. Hier, lundi de la Pentec\u00f4te, \u00e0 une encablure du centre-ville, se tenait la braderie de l\u2019Hommelet. Je l\u2019ai parcouru et j\u2019ai eu l\u2019impression que cette diversit\u00e9 nous \u00e9chappait.<\/p>\n","protected":false},"author":2,"featured_media":0,"comment_status":"open","ping_status":"open","sticky":false,"template":"","format":"standard","meta":{"footnotes":""},"categories":[2],"tags":[],"class_list":["post-1509","post","type-post","status-publish","format-standard","hentry","category-vivre-ensemble"],"_links":{"self":[{"href":"https:\/\/www.roubaixaujourdhuietdemain.fr\/philippedelannoy\/wp-json\/wp\/v2\/posts\/1509","targetHints":{"allow":["GET"]}}],"collection":[{"href":"https:\/\/www.roubaixaujourdhuietdemain.fr\/philippedelannoy\/wp-json\/wp\/v2\/posts"}],"about":[{"href":"https:\/\/www.roubaixaujourdhuietdemain.fr\/philippedelannoy\/wp-json\/wp\/v2\/types\/post"}],"author":[{"embeddable":true,"href":"https:\/\/www.roubaixaujourdhuietdemain.fr\/philippedelannoy\/wp-json\/wp\/v2\/users\/2"}],"replies":[{"embeddable":true,"href":"https:\/\/www.roubaixaujourdhuietdemain.fr\/philippedelannoy\/wp-json\/wp\/v2\/comments?post=1509"}],"version-history":[{"count":1,"href":"https:\/\/www.roubaixaujourdhuietdemain.fr\/philippedelannoy\/wp-json\/wp\/v2\/posts\/1509\/revisions"}],"predecessor-version":[{"id":1511,"href":"https:\/\/www.roubaixaujourdhuietdemain.fr\/philippedelannoy\/wp-json\/wp\/v2\/posts\/1509\/revisions\/1511"}],"wp:attachment":[{"href":"https:\/\/www.roubaixaujourdhuietdemain.fr\/philippedelannoy\/wp-json\/wp\/v2\/media?parent=1509"}],"wp:term":[{"taxonomy":"category","embeddable":true,"href":"https:\/\/www.roubaixaujourdhuietdemain.fr\/philippedelannoy\/wp-json\/wp\/v2\/categories?post=1509"},{"taxonomy":"post_tag","embeddable":true,"href":"https:\/\/www.roubaixaujourdhuietdemain.fr\/philippedelannoy\/wp-json\/wp\/v2\/tags?post=1509"}],"curies":[{"name":"wp","href":"https:\/\/api.w.org\/{rel}","templated":true}]}}