{"id":1513,"date":"2025-08-03T18:05:17","date_gmt":"2025-08-03T17:05:17","guid":{"rendered":"https:\/\/www.roubaixaujourdhuietdemain.fr\/philippedelannoy\/?p=1513"},"modified":"2025-08-03T18:28:44","modified_gmt":"2025-08-03T17:28:44","slug":"fete-laosienne-a-roubaix","status":"publish","type":"post","link":"https:\/\/www.roubaixaujourdhuietdemain.fr\/philippedelannoy\/2025\/08\/03\/fete-laosienne-a-roubaix\/","title":{"rendered":"F\u00eate laotienne \u00e0 Roubaix"},"content":{"rendered":"\n<p>Ce dimanche 3 ao\u00fbt, nous sommes all\u00e9s \u00e0 la f\u00eate des pirogues organis\u00e9e au canal de Roubaix par la communaut\u00e9 Laotienne. Leur temple se trouve boulevard de Strasbourg. Nous avons appr\u00e9ci\u00e9\u00a0: l\u2019ambiance pleine de ga\u00eet\u00e9, la paix pr\u00e9gnante, l\u2019organisation. <strong>Nous avons remarqu\u00e9 le clin d\u2019\u0153il \u00e0 leur pays d\u2019accueil avec une pr\u00e9sence remarquable du bleu, blanc, rouge, les couleurs du drapeau fran\u00e7ais mis \u00e0 l\u2019honneur. <\/strong>Un bel exemple de comportement citoyen que tous les roubaisiens et roubaisiennes pourraient suivre pour un v\u00e9ritable \u00ab\u00a0Vivre ensemble\u00a0\u00bb.<\/p>\n\n\n\n<figure class=\"wp-block-image size-large\"><a href=\"https:\/\/www.roubaixaujourdhuietdemain.fr\/philippedelannoy\/wp-content\/uploads\/2025\/08\/1000006070.jpg\"><img loading=\"lazy\" decoding=\"async\" width=\"1024\" height=\"768\" src=\"https:\/\/www.roubaixaujourdhuietdemain.fr\/philippedelannoy\/wp-content\/uploads\/2025\/08\/1000006070-1024x768.jpg\" alt=\"\" class=\"wp-image-1514\" srcset=\"https:\/\/www.roubaixaujourdhuietdemain.fr\/philippedelannoy\/wp-content\/uploads\/2025\/08\/1000006070-1024x768.jpg 1024w, https:\/\/www.roubaixaujourdhuietdemain.fr\/philippedelannoy\/wp-content\/uploads\/2025\/08\/1000006070-300x225.jpg 300w, https:\/\/www.roubaixaujourdhuietdemain.fr\/philippedelannoy\/wp-content\/uploads\/2025\/08\/1000006070-768x576.jpg 768w, https:\/\/www.roubaixaujourdhuietdemain.fr\/philippedelannoy\/wp-content\/uploads\/2025\/08\/1000006070-1536x1152.jpg 1536w, https:\/\/www.roubaixaujourdhuietdemain.fr\/philippedelannoy\/wp-content\/uploads\/2025\/08\/1000006070-624x468.jpg 624w, https:\/\/www.roubaixaujourdhuietdemain.fr\/philippedelannoy\/wp-content\/uploads\/2025\/08\/1000006070.jpg 2048w\" sizes=\"auto, (max-width: 1024px) 100vw, 1024px\" \/><\/a><\/figure>\n\n\n\n\n\n<figure class=\"wp-block-image size-large\"><a href=\"https:\/\/www.roubaixaujourdhuietdemain.fr\/philippedelannoy\/wp-content\/uploads\/2025\/08\/1000006067.jpg\"><img loading=\"lazy\" decoding=\"async\" width=\"768\" height=\"1024\" src=\"https:\/\/www.roubaixaujourdhuietdemain.fr\/philippedelannoy\/wp-content\/uploads\/2025\/08\/1000006067-768x1024.jpg\" alt=\"\" class=\"wp-image-1516\" srcset=\"https:\/\/www.roubaixaujourdhuietdemain.fr\/philippedelannoy\/wp-content\/uploads\/2025\/08\/1000006067-768x1024.jpg 768w, https:\/\/www.roubaixaujourdhuietdemain.fr\/philippedelannoy\/wp-content\/uploads\/2025\/08\/1000006067-225x300.jpg 225w, https:\/\/www.roubaixaujourdhuietdemain.fr\/philippedelannoy\/wp-content\/uploads\/2025\/08\/1000006067-1152x1536.jpg 1152w, https:\/\/www.roubaixaujourdhuietdemain.fr\/philippedelannoy\/wp-content\/uploads\/2025\/08\/1000006067-624x832.jpg 624w, https:\/\/www.roubaixaujourdhuietdemain.fr\/philippedelannoy\/wp-content\/uploads\/2025\/08\/1000006067.jpg 1536w\" sizes=\"auto, (max-width: 768px) 100vw, 768px\" \/><\/a><\/figure>\n\n\n\n<figure class=\"wp-block-image size-large\"><a href=\"https:\/\/www.roubaixaujourdhuietdemain.fr\/philippedelannoy\/wp-content\/uploads\/2025\/08\/1000006066.jpg\"><img loading=\"lazy\" decoding=\"async\" width=\"768\" height=\"1024\" src=\"https:\/\/www.roubaixaujourdhuietdemain.fr\/philippedelannoy\/wp-content\/uploads\/2025\/08\/1000006066-768x1024.jpg\" alt=\"\" class=\"wp-image-1515\" srcset=\"https:\/\/www.roubaixaujourdhuietdemain.fr\/philippedelannoy\/wp-content\/uploads\/2025\/08\/1000006066-768x1024.jpg 768w, https:\/\/www.roubaixaujourdhuietdemain.fr\/philippedelannoy\/wp-content\/uploads\/2025\/08\/1000006066-225x300.jpg 225w, https:\/\/www.roubaixaujourdhuietdemain.fr\/philippedelannoy\/wp-content\/uploads\/2025\/08\/1000006066-1152x1536.jpg 1152w, https:\/\/www.roubaixaujourdhuietdemain.fr\/philippedelannoy\/wp-content\/uploads\/2025\/08\/1000006066-624x832.jpg 624w, https:\/\/www.roubaixaujourdhuietdemain.fr\/philippedelannoy\/wp-content\/uploads\/2025\/08\/1000006066.jpg 1536w\" sizes=\"auto, (max-width: 768px) 100vw, 768px\" \/><\/a><\/figure>\n\n\n\n<figure class=\"wp-block-image size-large\"><a href=\"https:\/\/www.roubaixaujourdhuietdemain.fr\/philippedelannoy\/wp-content\/uploads\/2025\/08\/1000006068.jpg\"><img loading=\"lazy\" decoding=\"async\" width=\"1024\" height=\"768\" src=\"https:\/\/www.roubaixaujourdhuietdemain.fr\/philippedelannoy\/wp-content\/uploads\/2025\/08\/1000006068-1024x768.jpg\" alt=\"\" class=\"wp-image-1517\" srcset=\"https:\/\/www.roubaixaujourdhuietdemain.fr\/philippedelannoy\/wp-content\/uploads\/2025\/08\/1000006068-1024x768.jpg 1024w, https:\/\/www.roubaixaujourdhuietdemain.fr\/philippedelannoy\/wp-content\/uploads\/2025\/08\/1000006068-300x225.jpg 300w, https:\/\/www.roubaixaujourdhuietdemain.fr\/philippedelannoy\/wp-content\/uploads\/2025\/08\/1000006068-768x576.jpg 768w, https:\/\/www.roubaixaujourdhuietdemain.fr\/philippedelannoy\/wp-content\/uploads\/2025\/08\/1000006068-1536x1152.jpg 1536w, https:\/\/www.roubaixaujourdhuietdemain.fr\/philippedelannoy\/wp-content\/uploads\/2025\/08\/1000006068-624x468.jpg 624w, https:\/\/www.roubaixaujourdhuietdemain.fr\/philippedelannoy\/wp-content\/uploads\/2025\/08\/1000006068.jpg 2048w\" sizes=\"auto, (max-width: 1024px) 100vw, 1024px\" \/><\/a><\/figure>\n\n\n","protected":false},"excerpt":{"rendered":"<p>Ce dimanche 3 ao\u00fbt, nous sommes all\u00e9s \u00e0 la f\u00eate des pirogues organis\u00e9e au canal de Roubaix par la communaut\u00e9 Laotienne. Leur temple se trouve boulevard de Strasbourg. Nous avons appr\u00e9ci\u00e9\u00a0: l\u2019ambiance pleine de ga\u00eet\u00e9, la paix pr\u00e9gnante, l\u2019organisation. Nous avons remarqu\u00e9 le clin d\u2019\u0153il \u00e0 leur pays d\u2019accueil avec une pr\u00e9sence remarquable du bleu, [&hellip;]<\/p>\n","protected":false},"author":2,"featured_media":0,"comment_status":"open","ping_status":"open","sticky":false,"template":"","format":"standard","meta":{"footnotes":""},"categories":[2],"tags":[],"class_list":["post-1513","post","type-post","status-publish","format-standard","hentry","category-vivre-ensemble"],"_links":{"self":[{"href":"https:\/\/www.roubaixaujourdhuietdemain.fr\/philippedelannoy\/wp-json\/wp\/v2\/posts\/1513","targetHints":{"allow":["GET"]}}],"collection":[{"href":"https:\/\/www.roubaixaujourdhuietdemain.fr\/philippedelannoy\/wp-json\/wp\/v2\/posts"}],"about":[{"href":"https:\/\/www.roubaixaujourdhuietdemain.fr\/philippedelannoy\/wp-json\/wp\/v2\/types\/post"}],"author":[{"embeddable":true,"href":"https:\/\/www.roubaixaujourdhuietdemain.fr\/philippedelannoy\/wp-json\/wp\/v2\/users\/2"}],"replies":[{"embeddable":true,"href":"https:\/\/www.roubaixaujourdhuietdemain.fr\/philippedelannoy\/wp-json\/wp\/v2\/comments?post=1513"}],"version-history":[{"count":2,"href":"https:\/\/www.roubaixaujourdhuietdemain.fr\/philippedelannoy\/wp-json\/wp\/v2\/posts\/1513\/revisions"}],"predecessor-version":[{"id":1519,"href":"https:\/\/www.roubaixaujourdhuietdemain.fr\/philippedelannoy\/wp-json\/wp\/v2\/posts\/1513\/revisions\/1519"}],"wp:attachment":[{"href":"https:\/\/www.roubaixaujourdhuietdemain.fr\/philippedelannoy\/wp-json\/wp\/v2\/media?parent=1513"}],"wp:term":[{"taxonomy":"category","embeddable":true,"href":"https:\/\/www.roubaixaujourdhuietdemain.fr\/philippedelannoy\/wp-json\/wp\/v2\/categories?post=1513"},{"taxonomy":"post_tag","embeddable":true,"href":"https:\/\/www.roubaixaujourdhuietdemain.fr\/philippedelannoy\/wp-json\/wp\/v2\/tags?post=1513"}],"curies":[{"name":"wp","href":"https:\/\/api.w.org\/{rel}","templated":true}]}}