{"id":1521,"date":"2025-08-28T16:19:06","date_gmt":"2025-08-28T15:19:06","guid":{"rendered":"https:\/\/www.roubaixaujourdhuietdemain.fr\/philippedelannoy\/?p=1521"},"modified":"2025-08-28T16:19:06","modified_gmt":"2025-08-28T15:19:06","slug":"une-nouvelle-verrue-a-roubaix","status":"publish","type":"post","link":"https:\/\/www.roubaixaujourdhuietdemain.fr\/philippedelannoy\/2025\/08\/28\/une-nouvelle-verrue-a-roubaix\/","title":{"rendered":"Une nouvelle \u00ab\u00a0verrue\u00a0\u00bb \u00e0 Roubaix"},"content":{"rendered":"\n<p><\/p>\n\n\n\n<p>Regardez bien la photo. Au loin, vous voyez avec quel soin le parking silo, qu\u2019ils vont d\u00e9molir, a \u00e9t\u00e9 emmaillot\u00e9 tout de blanc. C\u2019est le travail des techniciens de la ville et de la MEL. Le probl\u00e8me c\u2019est que le plus souvent ils n\u2019habitent pas Roubaix et ne connaissent pas l\u2019environnement qui entoure le dossier sur lequel ils travaillent.&nbsp;<\/p>\n\n\n\n<p>Dans le cas que je pointe du doigt, en supprimant l\u2019acc\u00e8s au passage pi\u00e9ton sous l\u2019avenue des Nations-Unies, malheureuse cons\u00e9quence des travaux, <strong>ils ont cr\u00e9\u00e9 un repaire malsain<\/strong>, sale, sans doute un prochain lieu d\u2019approvisionnement de drogues diverses et vari\u00e9es.<\/p>\n\n\n\n<p>Nos \u00e9diles pourraient-ils, SVP, envisager de faire combler le creux soit en y d\u00e9versant du sable, soit en construisant un plancher \u00e0 niveau avec la place pour emp\u00eacher que cette enclave salisse un peu plus l\u2019image de notre ville. Merci<\/p>\n\n\n\n<p>Photo prise le 26 ao\u00fbt 2025 en matin\u00e9e avant que le lieu soit investi physiquement dans la journ\u00e9e jusque tard dans la nuit.<\/p>\n\n\n\n<figure class=\"wp-block-image size-large\"><a href=\"https:\/\/www.roubaixaujourdhuietdemain.fr\/philippedelannoy\/wp-content\/uploads\/2025\/08\/image.png\"><img loading=\"lazy\" decoding=\"async\" width=\"768\" height=\"1024\" src=\"https:\/\/www.roubaixaujourdhuietdemain.fr\/philippedelannoy\/wp-content\/uploads\/2025\/08\/image-768x1024.png\" alt=\"\" class=\"wp-image-1522\" srcset=\"https:\/\/www.roubaixaujourdhuietdemain.fr\/philippedelannoy\/wp-content\/uploads\/2025\/08\/image-768x1024.png 768w, https:\/\/www.roubaixaujourdhuietdemain.fr\/philippedelannoy\/wp-content\/uploads\/2025\/08\/image-225x300.png 225w, https:\/\/www.roubaixaujourdhuietdemain.fr\/philippedelannoy\/wp-content\/uploads\/2025\/08\/image-624x832.png 624w, https:\/\/www.roubaixaujourdhuietdemain.fr\/philippedelannoy\/wp-content\/uploads\/2025\/08\/image.png 852w\" sizes=\"auto, (max-width: 768px) 100vw, 768px\" \/><\/a><\/figure>\n\n\n\n<p><\/p>\n","protected":false},"excerpt":{"rendered":"<p>Regardez bien la photo. Au loin, vous voyez avec quel soin le parking silo, qu\u2019ils vont d\u00e9molir, a \u00e9t\u00e9 emmaillot\u00e9 tout de blanc. C\u2019est le travail des techniciens de la ville et de la MEL. Le probl\u00e8me c\u2019est que le plus souvent ils n\u2019habitent pas Roubaix et ne connaissent pas l\u2019environnement qui entoure le dossier [&hellip;]<\/p>\n","protected":false},"author":2,"featured_media":0,"comment_status":"open","ping_status":"open","sticky":false,"template":"","format":"standard","meta":{"footnotes":""},"categories":[8,3,4],"tags":[],"class_list":["post-1521","post","type-post","status-publish","format-standard","hentry","category-cadre-de-vie","category-lurbanisme","category-patrimoine"],"_links":{"self":[{"href":"https:\/\/www.roubaixaujourdhuietdemain.fr\/philippedelannoy\/wp-json\/wp\/v2\/posts\/1521","targetHints":{"allow":["GET"]}}],"collection":[{"href":"https:\/\/www.roubaixaujourdhuietdemain.fr\/philippedelannoy\/wp-json\/wp\/v2\/posts"}],"about":[{"href":"https:\/\/www.roubaixaujourdhuietdemain.fr\/philippedelannoy\/wp-json\/wp\/v2\/types\/post"}],"author":[{"embeddable":true,"href":"https:\/\/www.roubaixaujourdhuietdemain.fr\/philippedelannoy\/wp-json\/wp\/v2\/users\/2"}],"replies":[{"embeddable":true,"href":"https:\/\/www.roubaixaujourdhuietdemain.fr\/philippedelannoy\/wp-json\/wp\/v2\/comments?post=1521"}],"version-history":[{"count":1,"href":"https:\/\/www.roubaixaujourdhuietdemain.fr\/philippedelannoy\/wp-json\/wp\/v2\/posts\/1521\/revisions"}],"predecessor-version":[{"id":1523,"href":"https:\/\/www.roubaixaujourdhuietdemain.fr\/philippedelannoy\/wp-json\/wp\/v2\/posts\/1521\/revisions\/1523"}],"wp:attachment":[{"href":"https:\/\/www.roubaixaujourdhuietdemain.fr\/philippedelannoy\/wp-json\/wp\/v2\/media?parent=1521"}],"wp:term":[{"taxonomy":"category","embeddable":true,"href":"https:\/\/www.roubaixaujourdhuietdemain.fr\/philippedelannoy\/wp-json\/wp\/v2\/categories?post=1521"},{"taxonomy":"post_tag","embeddable":true,"href":"https:\/\/www.roubaixaujourdhuietdemain.fr\/philippedelannoy\/wp-json\/wp\/v2\/tags?post=1521"}],"curies":[{"name":"wp","href":"https:\/\/api.w.org\/{rel}","templated":true}]}}