{"id":1524,"date":"2025-08-28T16:34:02","date_gmt":"2025-08-28T15:34:02","guid":{"rendered":"https:\/\/www.roubaixaujourdhuietdemain.fr\/philippedelannoy\/?p=1524"},"modified":"2025-08-28T16:34:02","modified_gmt":"2025-08-28T15:34:02","slug":"cri-de-desespoir","status":"publish","type":"post","link":"https:\/\/www.roubaixaujourdhuietdemain.fr\/philippedelannoy\/2025\/08\/28\/cri-de-desespoir\/","title":{"rendered":"Cri de d\u00e9sespoir"},"content":{"rendered":"\n\n\n<p>Dans un courriel, le 19 juin 2025, j\u2019ai comment\u00e9 et relay\u00e9 le message de Le\u00efla Daquin \u00ab&nbsp;Un cri de d\u00e9sespoir pour sauver Le camion une association sur Roubaix qui occupe tout un public modeste&nbsp;\u00bb. Je vous avais propos\u00e9 d\u2019agir et bien s\u00fbr avec mon \u00e9pouse nous avons montr\u00e9 l\u2019exemple en adressant cette supplique au Pr\u00e9sident de notre R\u00e9gion&nbsp;:<\/p>\n\n\n\n<p>___________________________________________________________________________<\/p>\n\n\n\n<p>Marie et Philippe DELANNOY\u00a0\u00a0\u00a0\u00a0\u00a0\u00a0\u00a0\u00a0\u00a0\u00a0\u00a0\u00a0\u00a0\u00a0\u00a0\u00a0\u00a0\u00a0\u00a0\u00a0\u00a0\u00a0\u00a0\u00a0\u00a0\u00a0\u00a0\u00a0\u00a0\u00a0\u00a0\u00a0\u00a0\u00a0\u00a0 D\u00e9pos\u00e9 le 23 juin 2025 \u00e0 la R\u00e9gion59100 ROUBAIX<\/p>\n\n\n\n<p>Monsieur Xavier Bertrand,Pr\u00e9sident de la R\u00e9gion les Hauts de France151, avenue du Pr\u00e9sident Hoover59595 LILLE Cedex<\/p>\n\n\n\n<p><strong>Sauver SVP le soldat \u00ab&nbsp;Le Camion&nbsp;\u00bb 7 rue Archim\u00e8de, Roubaix<\/strong><\/p>\n\n\n\n<p>Monsieur le Pr\u00e9sident,<\/p>\n\n\n\n<p>J\u2019apprends que vos collaborateurs viennent de r\u00e9duire de moiti\u00e9 la modeste subvention que la R\u00e9gion leur octroyait. De 11.000 \u20ac la voici rabot\u00e9e \u00e0 5.500 \u20ac.<\/p>\n\n\n\n<p>Elle re\u00e7oit 0 \u20ac du d\u00e9partement, 12.000 \u20ac de la ville de Roubaix plus un financement pour la compensation du loyer. Il arrive que l\u2019Etat participe \u00e0 des manifestations organis\u00e9es dans le cadre \u00ab&nbsp;des vacances pour tous&nbsp;\u00bb. Des adh\u00e9sions \u00e0 10 \u20ac (la pauvret\u00e9 du quartier oblige) et quelques dons du priv\u00e9 viennent compl\u00e9ter les modestes contributions. Franchement, je ne sais pas comment les 3 animateurs tiennent&nbsp;! Deux vivent sur leur retraite me dit-on, le troisi\u00e8me, une jeune maman vit de petits contrats qu\u2019elle encha\u00eene avec le ch\u00f4mage.<\/p>\n\n\n\n<p>Vous le voyez, cette petite association au sein du quartier de l\u2019Alma doit jongler avec ce peu pour maintenir ses activit\u00e9s. Activit\u00e9s qui s\u2019adressent \u00e0 tous les publics, du solitaire \u00e0 la famille nombreuse, du retrait\u00e9 aux tous petits enfants. C\u2019est dans cet esprit que l\u2019association les invite \u00e0 des ateliers de pratiques artistiques&nbsp;: peinture, dessin, sculpture, gravure, modelage ou \u00e0 des activit\u00e9s de groupe&nbsp;: cours de couture et de chant, chorale, spectacle, concert, conf\u00e9rence, exposition, lieu de tournage pour les jeunes r\u00e9alisateurs, \u2026<\/p>\n\n\n\n<p>Pour bien mesurer leur travail venez o\u00f9 envoyez vos collaborateurs le dimanche 29 juin d\u00e8s 11 heures visiter l\u2019exposition des \u00e9l\u00e8ves des divers ateliers. A 14 heures vous pourrez entendre la chorale du Camion. C\u2019est gratuit pour tous.<\/p>\n\n\n\n<p>Conscient d\u00e8s lors de l\u2019utilit\u00e9 de l\u2019association \u00ab&nbsp;Le Camion&nbsp;\u00bb vous ne pourrez pas accepter que tout cet investissement humain soit stopp\u00e9 par faute de moyens.<\/p>\n\n\n\n<p>Merci de ce que vous pourrait faire pour r\u00e9tablir la subvention au niveau de 2024, voire l\u2019am\u00e9liorer un peu.<\/p>\n\n\n\n<p>Tr\u00e8s respectueusement,<\/p>\n\n\n\n<p>Marie et Philippe Delannoy&nbsp;: des habitants des quartiers de l\u2019hommelet et de l\u2019Alma \u00e0 Roubaix.<\/p>\n\n\n\n<p>Ni M. Xavier Bertrand, ni l\u2019un de ses collaborateurs n\u2019ont r\u00e9pondu \u00e0 notre invitation. Nous n\u2019avons pas eu d\u2019accus\u00e9 de r\u00e9ception au courrier. Nous ne pouvons pas penser que M. Xavier Bertrand puisse \u00eatre insensible \u00e0 notre courrier. Aussi nous pensons que le courrier ne lui a pas \u00e9t\u00e9 remis en main propre. <strong>Si l\u2019un de nos lecteurs avait une possibilit\u00e9 de l\u2019approcher peut-il SVP lui remettre le courrier en main propre un grand merci.<\/strong><\/p>\n\n\n\n<p>Vous pouvez aussi lui \u00e9crire directement avec votre c\u0153ur la masse des interventions devrait op\u00e9rer son effet. Vous pouvez aussi personnaliser \u00e0 votre nom la pi\u00e8ce jointe.<\/p>\n\n\n\n<p>UN GRAND MERCI<\/p>\n\n\n\n<div style=\"width: 625px;\" class=\"wp-video\"><video class=\"wp-video-shortcode\" id=\"video-1524-1\" width=\"625\" height=\"352\" preload=\"metadata\" controls=\"controls\"><source type=\"video\/mp4\" src=\"http:\/\/www.roubaixaujourdhuietdemain.fr\/philippedelannoy\/wp-content\/uploads\/2025\/08\/VID_20250629_140836.mp4?_=1\" \/><a href=\"http:\/\/www.roubaixaujourdhuietdemain.fr\/philippedelannoy\/wp-content\/uploads\/2025\/08\/VID_20250629_140836.mp4\">http:\/\/www.roubaixaujourdhuietdemain.fr\/philippedelannoy\/wp-content\/uploads\/2025\/08\/VID_20250629_140836.mp4<\/a><\/video><\/div>\n<p>\u00a0<\/p>\n","protected":false},"excerpt":{"rendered":"<p>Dans un courriel, le 19 juin 2025, j\u2019ai comment\u00e9 et relay\u00e9 le message de Le\u00efla Daquin \u00ab&nbsp;Un cri de d\u00e9sespoir pour sauver Le camion une association sur Roubaix qui occupe tout un public modeste&nbsp;\u00bb. Je vous avais propos\u00e9 d\u2019agir et bien s\u00fbr avec mon \u00e9pouse nous avons montr\u00e9 l\u2019exemple en adressant cette supplique au Pr\u00e9sident [&hellip;]<\/p>\n","protected":false},"author":2,"featured_media":0,"comment_status":"open","ping_status":"open","sticky":false,"template":"","format":"standard","meta":{"footnotes":""},"categories":[8,7,2],"tags":[],"class_list":["post-1524","post","type-post","status-publish","format-standard","hentry","category-cadre-de-vie","category-politique","category-vivre-ensemble"],"_links":{"self":[{"href":"https:\/\/www.roubaixaujourdhuietdemain.fr\/philippedelannoy\/wp-json\/wp\/v2\/posts\/1524","targetHints":{"allow":["GET"]}}],"collection":[{"href":"https:\/\/www.roubaixaujourdhuietdemain.fr\/philippedelannoy\/wp-json\/wp\/v2\/posts"}],"about":[{"href":"https:\/\/www.roubaixaujourdhuietdemain.fr\/philippedelannoy\/wp-json\/wp\/v2\/types\/post"}],"author":[{"embeddable":true,"href":"https:\/\/www.roubaixaujourdhuietdemain.fr\/philippedelannoy\/wp-json\/wp\/v2\/users\/2"}],"replies":[{"embeddable":true,"href":"https:\/\/www.roubaixaujourdhuietdemain.fr\/philippedelannoy\/wp-json\/wp\/v2\/comments?post=1524"}],"version-history":[{"count":1,"href":"https:\/\/www.roubaixaujourdhuietdemain.fr\/philippedelannoy\/wp-json\/wp\/v2\/posts\/1524\/revisions"}],"predecessor-version":[{"id":1526,"href":"https:\/\/www.roubaixaujourdhuietdemain.fr\/philippedelannoy\/wp-json\/wp\/v2\/posts\/1524\/revisions\/1526"}],"wp:attachment":[{"href":"https:\/\/www.roubaixaujourdhuietdemain.fr\/philippedelannoy\/wp-json\/wp\/v2\/media?parent=1524"}],"wp:term":[{"taxonomy":"category","embeddable":true,"href":"https:\/\/www.roubaixaujourdhuietdemain.fr\/philippedelannoy\/wp-json\/wp\/v2\/categories?post=1524"},{"taxonomy":"post_tag","embeddable":true,"href":"https:\/\/www.roubaixaujourdhuietdemain.fr\/philippedelannoy\/wp-json\/wp\/v2\/tags?post=1524"}],"curies":[{"name":"wp","href":"https:\/\/api.w.org\/{rel}","templated":true}]}}