{"id":1534,"date":"2025-10-23T14:47:21","date_gmt":"2025-10-23T13:47:21","guid":{"rendered":"https:\/\/www.roubaixaujourdhuietdemain.fr\/philippedelannoy\/?p=1534"},"modified":"2025-10-23T14:47:21","modified_gmt":"2025-10-23T13:47:21","slug":"roubaix-leducation-citoyenne-cest-pour-quand","status":"publish","type":"post","link":"https:\/\/www.roubaixaujourdhuietdemain.fr\/philippedelannoy\/2025\/10\/23\/roubaix-leducation-citoyenne-cest-pour-quand\/","title":{"rendered":"Roubaix &#8211; L&rsquo;\u00e9ducation citoyenne, c&rsquo;est pour quand ?"},"content":{"rendered":"\n<p>Regardez les quelques photos dont 3 prises le m\u00eame jour dans le quartier nord de Roubaix. \u00a0Ce n\u2019est pas anodin.<\/p>\n\n\n\n<p>Nous sommes dans l\u2019une des villes les plus pauvres de France et pourtant on y trouve de la nourriture jet\u00e9e \u00e0 m\u00eame le sol de fa\u00e7on r\u00e9currente&nbsp;!<\/p>\n\n\n\n<p>Je viens d\u2019une famille o\u00f9 la nourriture avait une valeur essentielle surtout qu\u2019elle en avait \u00e9t\u00e9 priv\u00e9e durant les deux guerres et les ann\u00e9es qui suivirent. Je peux t\u00e9moigner qu\u2019aucun morceau de pain rassis ou dur partait \u00e0 la poubelle. Maman avait mille astuces&nbsp;; elle en faisait des cro\u00fbtons pour la soupe, des toasts, du pain perdu ou du pudding pour le dessert \u2026 Si un plat n\u2019\u00e9tait pas termin\u00e9 il \u00e9tait soigneusement mis au garde-manger \u00e0 la cave pour \u00eatre resservi au repas suivant. C\u2019\u00e9tait vrai chez moi mais aussi chez le plus grand nombre des familles roubaisiennes. A cette \u00e9poque vous ne trouviez pas de nourriture jet\u00e9e \u00e0 m\u00eame les espaces publics.<\/p>\n\n\n\n<p>Mais alors que se passe-t-il aujourd\u2019hui dans certaines de nos villes, dont la n\u00f4tre&nbsp;?<\/p>\n\n\n\n<p>Je pense que de nombreuses familles ne savent pas ni g\u00e9rer leur budget ni leurs achats. Pire, quelques-unes gaspillent les aides re\u00e7ues comme si elles tombaient du ciel. Le gratuit n\u2019a pas la m\u00eame valeur que ce qui est gagn\u00e9 par le travail. Il y a toute une \u00e9ducation \u00e0 donner assorti (de contraintes) de prises de conscience pour adoucir un mot qui peut f\u00e2cher.<\/p>\n\n\n\n<p>J\u2019ai h\u00e2te de lire les programmes des listes qui se pr\u00e9senteront aux \u00e9lections municipales 2026. Qu\u2019elles sont celles qui proposeront des actions concr\u00e8tes pour lutter contre la calamit\u00e9 que je viens d\u2019exposer. Qu\u2019elles sont celles qui mettront en place un Samu social pourvu de moyen d\u2019actions.<\/p>\n\n\n\n<p>Une id\u00e9e, ne faut-il pas accompagner la gratuit\u00e9 des aides \u00e0 un travail solidaire b\u00e9n\u00e9vole par exemple&nbsp;: aupr\u00e8s des anciens, des malades, des handicap\u00e9s, dans les espaces publics, dans le suivi de cours de la langue fran\u00e7aise \u2026 \u00e0 creuser si nous voulons changer l\u2019image de notre ville dans les quartiers o\u00f9 se regroupent les familles qui n\u2019ont pas eu la chance dans leur enfance d\u2019\u00eatre bien accompagn\u00e9es. Ce que je propose pourrait s\u2019appliquer aussi bien aux aides d\u2019\u00c9tat qu\u2019aux organismes de secours. C\u2019est une volont\u00e9 qu\u2019il nous faut.&nbsp;<\/p>\n\n\n\n<figure class=\"wp-block-image size-full\"><a href=\"https:\/\/www.roubaixaujourdhuietdemain.fr\/philippedelannoy\/wp-content\/uploads\/2025\/10\/image.png\"><img loading=\"lazy\" decoding=\"async\" width=\"406\" height=\"509\" src=\"https:\/\/www.roubaixaujourdhuietdemain.fr\/philippedelannoy\/wp-content\/uploads\/2025\/10\/image.png\" alt=\"\" class=\"wp-image-1535\" srcset=\"https:\/\/www.roubaixaujourdhuietdemain.fr\/philippedelannoy\/wp-content\/uploads\/2025\/10\/image.png 406w, https:\/\/www.roubaixaujourdhuietdemain.fr\/philippedelannoy\/wp-content\/uploads\/2025\/10\/image-239x300.png 239w\" sizes=\"auto, (max-width: 406px) 100vw, 406px\" \/><\/a><\/figure>\n\n\n\n<figure class=\"wp-block-image size-full\"><a href=\"https:\/\/www.roubaixaujourdhuietdemain.fr\/philippedelannoy\/wp-content\/uploads\/2025\/10\/image-1.png\"><img loading=\"lazy\" decoding=\"async\" width=\"495\" height=\"380\" src=\"https:\/\/www.roubaixaujourdhuietdemain.fr\/philippedelannoy\/wp-content\/uploads\/2025\/10\/image-1.png\" alt=\"\" class=\"wp-image-1536\" srcset=\"https:\/\/www.roubaixaujourdhuietdemain.fr\/philippedelannoy\/wp-content\/uploads\/2025\/10\/image-1.png 495w, https:\/\/www.roubaixaujourdhuietdemain.fr\/philippedelannoy\/wp-content\/uploads\/2025\/10\/image-1-300x230.png 300w\" sizes=\"auto, (max-width: 495px) 100vw, 495px\" \/><\/a><\/figure>\n\n\n\n<figure class=\"wp-block-image size-full\"><a href=\"https:\/\/www.roubaixaujourdhuietdemain.fr\/philippedelannoy\/wp-content\/uploads\/2025\/10\/image-3.png\"><img loading=\"lazy\" decoding=\"async\" width=\"438\" height=\"485\" src=\"https:\/\/www.roubaixaujourdhuietdemain.fr\/philippedelannoy\/wp-content\/uploads\/2025\/10\/image-3.png\" alt=\"\" class=\"wp-image-1538\" srcset=\"https:\/\/www.roubaixaujourdhuietdemain.fr\/philippedelannoy\/wp-content\/uploads\/2025\/10\/image-3.png 438w, https:\/\/www.roubaixaujourdhuietdemain.fr\/philippedelannoy\/wp-content\/uploads\/2025\/10\/image-3-271x300.png 271w\" sizes=\"auto, (max-width: 438px) 100vw, 438px\" \/><\/a><\/figure>\n\n\n\n<figure class=\"wp-block-image size-full\"><a href=\"https:\/\/www.roubaixaujourdhuietdemain.fr\/philippedelannoy\/wp-content\/uploads\/2025\/10\/image-2.png\"><img loading=\"lazy\" decoding=\"async\" width=\"374\" height=\"483\" src=\"https:\/\/www.roubaixaujourdhuietdemain.fr\/philippedelannoy\/wp-content\/uploads\/2025\/10\/image-2.png\" alt=\"\" class=\"wp-image-1537\" srcset=\"https:\/\/www.roubaixaujourdhuietdemain.fr\/philippedelannoy\/wp-content\/uploads\/2025\/10\/image-2.png 374w, https:\/\/www.roubaixaujourdhuietdemain.fr\/philippedelannoy\/wp-content\/uploads\/2025\/10\/image-2-232x300.png 232w\" sizes=\"auto, (max-width: 374px) 100vw, 374px\" \/><\/a><\/figure>\n\n\n\n<figure class=\"wp-block-image size-full\"><a href=\"https:\/\/www.roubaixaujourdhuietdemain.fr\/philippedelannoy\/wp-content\/uploads\/2025\/10\/image-5.png\"><img loading=\"lazy\" decoding=\"async\" width=\"428\" height=\"471\" src=\"https:\/\/www.roubaixaujourdhuietdemain.fr\/philippedelannoy\/wp-content\/uploads\/2025\/10\/image-5.png\" alt=\"\" class=\"wp-image-1540\" srcset=\"https:\/\/www.roubaixaujourdhuietdemain.fr\/philippedelannoy\/wp-content\/uploads\/2025\/10\/image-5.png 428w, https:\/\/www.roubaixaujourdhuietdemain.fr\/philippedelannoy\/wp-content\/uploads\/2025\/10\/image-5-273x300.png 273w\" sizes=\"auto, (max-width: 428px) 100vw, 428px\" \/><\/a><\/figure>\n\n\n\n<p>Roubaix \u2013 L\u2019\u00e9ducation citoyenne, c\u2019est pour quand&nbsp;?<\/p>\n\n\n\n<p>Regardez les quelques photos dont 3 prises le m\u00eame jour dans le quartier nord de Roubaix. &nbsp;Ce n\u2019est pas anodin.<\/p>\n\n\n\n<p>Nous sommes dans l\u2019une des villes les plus pauvres de France et pourtant on y trouve de la nourriture jet\u00e9e \u00e0 m\u00eame le sol de fa\u00e7on r\u00e9currente&nbsp;!<\/p>\n\n\n\n<p>Je viens d\u2019une famille o\u00f9 la nourriture avait une valeur essentielle surtout qu\u2019elle en avait \u00e9t\u00e9 priv\u00e9e durant les deux guerres et les ann\u00e9es qui suivirent. Je peux t\u00e9moigner qu\u2019aucun morceau de pain rassis ou dur partait \u00e0 la poubelle. Maman avait mille astuces&nbsp;; elle en faisait des cro\u00fbtons pour la soupe, des toasts, du pain perdu ou du pudding pour le dessert \u2026 Si un plat n\u2019\u00e9tait pas termin\u00e9 il \u00e9tait soigneusement mis au garde-manger \u00e0 la cave pour \u00eatre resservi au repas suivant. C\u2019\u00e9tait vrai chez moi mais aussi chez le plus grand nombre des familles roubaisiennes. A cette \u00e9poque vous ne trouviez pas de nourriture jet\u00e9e \u00e0 m\u00eame les espaces publics.<\/p>\n\n\n\n<p>Mais alors que se passe-t-il aujourd\u2019hui dans certaines de nos villes, dont la n\u00f4tre&nbsp;?<\/p>\n\n\n\n<p>Je pense que de nombreuses familles ne savent pas ni g\u00e9rer leur budget ni leurs achats. Pire, quelques-unes gaspillent les aides re\u00e7ues comme si elles tombaient du ciel. Le gratuit n\u2019a pas la m\u00eame valeur que ce qui est gagn\u00e9 par le travail. Il y a toute une \u00e9ducation \u00e0 donner assorti (de contraintes) de prises de conscience pour adoucir un mot qui peut f\u00e2cher.<\/p>\n\n\n\n<p>J\u2019ai h\u00e2te de lire les programmes des listes qui se pr\u00e9senteront aux \u00e9lections municipales 2026. Qu\u2019elles sont celles qui proposeront des actions concr\u00e8tes pour lutter contre la calamit\u00e9 que je viens d\u2019exposer. Qu\u2019elles sont celles qui mettront en place un Samu social pourvu de moyen d\u2019actions.<\/p>\n\n\n\n<p>Une id\u00e9e, ne faut-il pas accompagner la gratuit\u00e9 des aides \u00e0 un travail solidaire b\u00e9n\u00e9vole par exemple&nbsp;: aupr\u00e8s des anciens, des malades, des handicap\u00e9s, dans les espaces publics, dans le suivi de cours de la langue fran\u00e7aise \u2026 \u00e0 creuser si nous voulons changer l\u2019image de notre ville dans les quartiers o\u00f9 se regroupent les familles qui n\u2019ont pas eu la chance dans leur enfance d\u2019\u00eatre bien accompagn\u00e9es. Ce que je propose pourrait s\u2019appliquer aussi bien aux aides d\u2019\u00c9tat qu\u2019aux organismes de secours. C\u2019est une volont\u00e9 qu\u2019il nous faut.&nbsp;<\/p>\n\n\n\n<figure class=\"wp-block-image size-full\"><a href=\"https:\/\/www.roubaixaujourdhuietdemain.fr\/philippedelannoy\/wp-content\/uploads\/2025\/10\/image-6.png\"><img loading=\"lazy\" decoding=\"async\" width=\"406\" height=\"509\" src=\"https:\/\/www.roubaixaujourdhuietdemain.fr\/philippedelannoy\/wp-content\/uploads\/2025\/10\/image-6.png\" alt=\"\" class=\"wp-image-1541\" srcset=\"https:\/\/www.roubaixaujourdhuietdemain.fr\/philippedelannoy\/wp-content\/uploads\/2025\/10\/image-6.png 406w, https:\/\/www.roubaixaujourdhuietdemain.fr\/philippedelannoy\/wp-content\/uploads\/2025\/10\/image-6-239x300.png 239w\" sizes=\"auto, (max-width: 406px) 100vw, 406px\" \/><\/a><\/figure>\n\n\n\n<figure class=\"wp-block-image size-full\"><a href=\"https:\/\/www.roubaixaujourdhuietdemain.fr\/philippedelannoy\/wp-content\/uploads\/2025\/10\/image-8.png\"><img loading=\"lazy\" decoding=\"async\" width=\"495\" height=\"380\" src=\"https:\/\/www.roubaixaujourdhuietdemain.fr\/philippedelannoy\/wp-content\/uploads\/2025\/10\/image-8.png\" alt=\"\" class=\"wp-image-1543\" srcset=\"https:\/\/www.roubaixaujourdhuietdemain.fr\/philippedelannoy\/wp-content\/uploads\/2025\/10\/image-8.png 495w, https:\/\/www.roubaixaujourdhuietdemain.fr\/philippedelannoy\/wp-content\/uploads\/2025\/10\/image-8-300x230.png 300w\" sizes=\"auto, (max-width: 495px) 100vw, 495px\" \/><\/a><\/figure>\n\n\n\n<figure class=\"wp-block-image size-full\"><a href=\"https:\/\/www.roubaixaujourdhuietdemain.fr\/philippedelannoy\/wp-content\/uploads\/2025\/10\/image-10.png\"><img loading=\"lazy\" decoding=\"async\" width=\"438\" height=\"485\" src=\"https:\/\/www.roubaixaujourdhuietdemain.fr\/philippedelannoy\/wp-content\/uploads\/2025\/10\/image-10.png\" alt=\"\" class=\"wp-image-1545\" srcset=\"https:\/\/www.roubaixaujourdhuietdemain.fr\/philippedelannoy\/wp-content\/uploads\/2025\/10\/image-10.png 438w, https:\/\/www.roubaixaujourdhuietdemain.fr\/philippedelannoy\/wp-content\/uploads\/2025\/10\/image-10-271x300.png 271w\" sizes=\"auto, (max-width: 438px) 100vw, 438px\" \/><\/a><\/figure>\n\n\n\n<figure class=\"wp-block-image size-full\"><a href=\"https:\/\/www.roubaixaujourdhuietdemain.fr\/philippedelannoy\/wp-content\/uploads\/2025\/10\/image-7.png\"><img loading=\"lazy\" decoding=\"async\" width=\"374\" height=\"483\" src=\"https:\/\/www.roubaixaujourdhuietdemain.fr\/philippedelannoy\/wp-content\/uploads\/2025\/10\/image-7.png\" alt=\"\" class=\"wp-image-1542\" srcset=\"https:\/\/www.roubaixaujourdhuietdemain.fr\/philippedelannoy\/wp-content\/uploads\/2025\/10\/image-7.png 374w, https:\/\/www.roubaixaujourdhuietdemain.fr\/philippedelannoy\/wp-content\/uploads\/2025\/10\/image-7-232x300.png 232w\" sizes=\"auto, (max-width: 374px) 100vw, 374px\" \/><\/a><\/figure>\n\n\n\n<figure class=\"wp-block-image size-full\"><a href=\"https:\/\/www.roubaixaujourdhuietdemain.fr\/philippedelannoy\/wp-content\/uploads\/2025\/10\/image-11.png\"><img loading=\"lazy\" decoding=\"async\" width=\"428\" height=\"471\" src=\"https:\/\/www.roubaixaujourdhuietdemain.fr\/philippedelannoy\/wp-content\/uploads\/2025\/10\/image-11.png\" alt=\"\" class=\"wp-image-1546\" srcset=\"https:\/\/www.roubaixaujourdhuietdemain.fr\/philippedelannoy\/wp-content\/uploads\/2025\/10\/image-11.png 428w, https:\/\/www.roubaixaujourdhuietdemain.fr\/philippedelannoy\/wp-content\/uploads\/2025\/10\/image-11-273x300.png 273w\" sizes=\"auto, (max-width: 428px) 100vw, 428px\" \/><\/a><\/figure>\n\n\n\n<figure class=\"wp-block-image size-full\"><a href=\"https:\/\/www.roubaixaujourdhuietdemain.fr\/philippedelannoy\/wp-content\/uploads\/2025\/10\/image-9.png\"><img loading=\"lazy\" decoding=\"async\" width=\"404\" height=\"375\" src=\"https:\/\/www.roubaixaujourdhuietdemain.fr\/philippedelannoy\/wp-content\/uploads\/2025\/10\/image-9.png\" alt=\"\" class=\"wp-image-1544\" srcset=\"https:\/\/www.roubaixaujourdhuietdemain.fr\/philippedelannoy\/wp-content\/uploads\/2025\/10\/image-9.png 404w, https:\/\/www.roubaixaujourdhuietdemain.fr\/philippedelannoy\/wp-content\/uploads\/2025\/10\/image-9-300x278.png 300w\" sizes=\"auto, (max-width: 404px) 100vw, 404px\" \/><\/a><\/figure>\n","protected":false},"excerpt":{"rendered":"<p>Regardez les quelques photos dont 3 prises le m\u00eame jour dans le quartier nord de Roubaix. \u00a0Ce n\u2019est pas anodin. Nous sommes dans l\u2019une des villes les plus pauvres de France et pourtant on y trouve de la nourriture jet\u00e9e \u00e0 m\u00eame le sol de fa\u00e7on r\u00e9currente&nbsp;! Je viens d\u2019une famille o\u00f9 la nourriture avait [&hellip;]<\/p>\n","protected":false},"author":2,"featured_media":0,"comment_status":"open","ping_status":"open","sticky":false,"template":"","format":"standard","meta":{"footnotes":""},"categories":[8,7,2],"tags":[],"class_list":["post-1534","post","type-post","status-publish","format-standard","hentry","category-cadre-de-vie","category-politique","category-vivre-ensemble"],"_links":{"self":[{"href":"https:\/\/www.roubaixaujourdhuietdemain.fr\/philippedelannoy\/wp-json\/wp\/v2\/posts\/1534","targetHints":{"allow":["GET"]}}],"collection":[{"href":"https:\/\/www.roubaixaujourdhuietdemain.fr\/philippedelannoy\/wp-json\/wp\/v2\/posts"}],"about":[{"href":"https:\/\/www.roubaixaujourdhuietdemain.fr\/philippedelannoy\/wp-json\/wp\/v2\/types\/post"}],"author":[{"embeddable":true,"href":"https:\/\/www.roubaixaujourdhuietdemain.fr\/philippedelannoy\/wp-json\/wp\/v2\/users\/2"}],"replies":[{"embeddable":true,"href":"https:\/\/www.roubaixaujourdhuietdemain.fr\/philippedelannoy\/wp-json\/wp\/v2\/comments?post=1534"}],"version-history":[{"count":1,"href":"https:\/\/www.roubaixaujourdhuietdemain.fr\/philippedelannoy\/wp-json\/wp\/v2\/posts\/1534\/revisions"}],"predecessor-version":[{"id":1547,"href":"https:\/\/www.roubaixaujourdhuietdemain.fr\/philippedelannoy\/wp-json\/wp\/v2\/posts\/1534\/revisions\/1547"}],"wp:attachment":[{"href":"https:\/\/www.roubaixaujourdhuietdemain.fr\/philippedelannoy\/wp-json\/wp\/v2\/media?parent=1534"}],"wp:term":[{"taxonomy":"category","embeddable":true,"href":"https:\/\/www.roubaixaujourdhuietdemain.fr\/philippedelannoy\/wp-json\/wp\/v2\/categories?post=1534"},{"taxonomy":"post_tag","embeddable":true,"href":"https:\/\/www.roubaixaujourdhuietdemain.fr\/philippedelannoy\/wp-json\/wp\/v2\/tags?post=1534"}],"curies":[{"name":"wp","href":"https:\/\/api.w.org\/{rel}","templated":true}]}}