{"id":1585,"date":"2026-08-24T15:06:03","date_gmt":"2026-08-24T14:06:03","guid":{"rendered":"https:\/\/www.roubaixaujourdhuietdemain.fr\/philippedelannoy\/?p=1585"},"modified":"2026-08-24T15:06:03","modified_gmt":"2026-08-24T14:06:03","slug":"les-sdf-de-lavenue-jean-lebas-a-roubaix","status":"publish","type":"post","link":"https:\/\/www.roubaixaujourdhuietdemain.fr\/philippedelannoy\/2026\/08\/24\/les-sdf-de-lavenue-jean-lebas-a-roubaix\/","title":{"rendered":"Les SDF de l&rsquo;avenue Jean-Lebas \u00e0 Roubaix"},"content":{"rendered":"\n<p class=\"wp-block-paragraph\">Nous n\u2019avons jamais assez d\u2019humilit\u00e9 pour nous permettre de parler de la mis\u00e8re de nos concitoyens. Pourtant, nous devenons coupables si nous fermons les yeux et si l\u2019on refuse de chercher des solutions.<\/p>\n\n\n\n<p class=\"wp-block-paragraph\">Le mini-campement a d\u00e9but\u00e9 il y a trois ans et s\u2019\u00e9tendait dangereusement. La nouvelle municipalit\u00e9 de mars 2026 a tent\u00e9 d\u2019agir. C\u2019est d\u00e9j\u00e0 mieux que les pr\u00e9d\u00e9cesseurs qui apparemment ne faisaient rien \u00e0 ce sujet. Pire, ils laissaient la mis\u00e8re prendre racine dans notre ville de fa\u00e7on exponentielle. Aujourd\u2019hui ce campement a disparu, pas les SDF qui continuent \u00e0 se mettre en danger en mendiant imprudemment depuis la chauss\u00e9e. Comme vous le voyez sur la photo les tentes ont simplement trouv\u00e9 refuge 10 m\u00e8tres plus loin dans la rue voisine sur le parking d\u2019une entreprise. On peut imaginer que la cohabitation posera probl\u00e8me. J&rsquo;ai voulu parler avec le SDF qui gardait le mat\u00e9riel de fortune, mais il ne pratiquait pas notre langue.<\/p>\n\n\n\n<p class=\"wp-block-paragraph\">La g\u00e9n\u00e9rosit\u00e9 de certains groupes politiques ou associatifs qui souhaitent accueillir la mis\u00e8re peut para\u00eetre louable. Mais si c&rsquo;est pour offrir \u00e0 ces personnes une vie de SDF dans des mini ou grands bidonvilles, la question de leur responsabilit\u00e9 peut \u00eatre engag\u00e9e, me semble-t-il.<\/p>\n\n\n\n<p class=\"wp-block-paragraph\">Regardons d&rsquo;o\u00f9 vient cette mis\u00e8re.<\/p>\n\n\n\n<p class=\"wp-block-paragraph\">Une partie prend naissance chez nous \u00e0 la suite des al\u00e9as de la vie : d\u00e9c\u00e8s, ch\u00f4mage, s\u00e9paration, accident, addiction. C&rsquo;est \u00e0 cet instant de leur vie que les services sociaux de la ville devraient intervenir. Un travail d&rsquo;\u00e9coute, d&rsquo;accompagnement, de reconstruction mentale devrait \u00eatre individuellement entrepris. Tout en pr\u00e9voyant un lieu d&rsquo;accueil pour poser leurs affaires personnelles, prendre une douche, se rendre aux toilettes, laver leur linge, voire, si n\u00e9cessaire, organiser un terrain pour qu&rsquo;ils puissent y disposer leur tente. Dans le m\u00eame temps, un effort suppl\u00e9mentaire devrait \u00eatre fourni pour \u00e9radiquer autant que faire se peut les pourvoyeurs de \u00a0\u00bb mort sociale\u00a0\u00bb, \u00e0 savoir les dealers et consommateurs de drogues.<\/p>\n\n\n\n<p class=\"wp-block-paragraph\">L\u2019autre partie de la mis\u00e8re vient de l\u2019immigration incontr\u00f4l\u00e9e. Nos gouvernants quel que soit leur sensibilit\u00e9 n\u2019ont pas trait\u00e9 le probl\u00e8me. Il nous appartiendra, dans 8 mois maintenant, de choisir un candidat qui proposera une solution humaine et responsable. Ce n\u2019est pas responsable de laisser les passeurs organiser leur trafic en laissant croire que chez nous ce sera l\u2019eldorado, alors que nous proposons \u00e0 ces clandestins une vie de mis\u00e8re dans des bidonvilles. L\u2019immigration peut \u00eatre n\u00e9cessaire mais doit \u00eatre organis\u00e9e et limit\u00e9e \u00e0 notre capacit\u00e9 d\u2019accueillir d\u00e9cemment. Apr\u00e8s, il appartiendra \u00e0 l\u2019Europe d\u2019\u00e9tudier et de financer des projets suivis, contr\u00f4l\u00e9s par elle-m\u00eame afin de permettre aux pays en voie de d\u00e9veloppement de s\u2019\u00e9manciper pour offrir une vie meilleure \u00e0 leurs concitoyens sans qu\u2019un certain nombre, pour faire vivre leur famille, doive rompre avec leur famille et leur fa\u00e7on de vivre.&nbsp;<\/p>\n\n\n\n<p class=\"wp-block-paragraph\">Subsidiairement, nos dirigeants doivent veiller \u00e0 distinguer les gens en perdition de celles qui choisissent de vivre de la mendicit\u00e9 alors qu&rsquo;elles ne sont pas vraiment dans le besoin. N&rsquo;en d\u00e9plaise \u00e0 la Ligue des droits de l&rsquo;homme et d&rsquo;autres associations, les mendiants de m\u00e9tier devraient \u00eatre \u00e9loign\u00e9s de nos villes par respect des vrais n\u00e9cessiteux.<\/p>\n\n\n\n<p class=\"wp-block-paragraph\">Mesdames, Messieurs qui disposaient d&rsquo;un mandat des \u00e9lecteurs, il y a du travail \u00e0 vous d&rsquo;agir. Merci.<\/p>\n\n\n\n<figure class=\"wp-block-image size-full\"><a href=\"https:\/\/www.roubaixaujourdhuietdemain.fr\/philippedelannoy\/wp-content\/uploads\/2026\/08\/mardi-24-03-2026-4.jpg\"><img loading=\"lazy\" decoding=\"async\" width=\"683\" height=\"775\" src=\"https:\/\/www.roubaixaujourdhuietdemain.fr\/philippedelannoy\/wp-content\/uploads\/2026\/08\/mardi-24-03-2026-4.jpg\" alt=\"\" class=\"wp-image-1586\" srcset=\"https:\/\/www.roubaixaujourdhuietdemain.fr\/philippedelannoy\/wp-content\/uploads\/2026\/08\/mardi-24-03-2026-4.jpg 683w, https:\/\/www.roubaixaujourdhuietdemain.fr\/philippedelannoy\/wp-content\/uploads\/2026\/08\/mardi-24-03-2026-4-264x300.jpg 264w, https:\/\/www.roubaixaujourdhuietdemain.fr\/philippedelannoy\/wp-content\/uploads\/2026\/08\/mardi-24-03-2026-4-624x708.jpg 624w\" sizes=\"auto, (max-width: 683px) 100vw, 683px\" \/><\/a><\/figure>\n\n\n\n<figure class=\"wp-block-image size-large\"><a href=\"https:\/\/www.roubaixaujourdhuietdemain.fr\/philippedelannoy\/wp-content\/uploads\/2026\/08\/apres-le-deplacement-des-SDF.jpg\"><img loading=\"lazy\" decoding=\"async\" width=\"768\" height=\"1024\" src=\"https:\/\/www.roubaixaujourdhuietdemain.fr\/philippedelannoy\/wp-content\/uploads\/2026\/08\/apres-le-deplacement-des-SDF-768x1024.jpg\" alt=\"\" class=\"wp-image-1587\" srcset=\"https:\/\/www.roubaixaujourdhuietdemain.fr\/philippedelannoy\/wp-content\/uploads\/2026\/08\/apres-le-deplacement-des-SDF-768x1024.jpg 768w, https:\/\/www.roubaixaujourdhuietdemain.fr\/philippedelannoy\/wp-content\/uploads\/2026\/08\/apres-le-deplacement-des-SDF-225x300.jpg 225w, https:\/\/www.roubaixaujourdhuietdemain.fr\/philippedelannoy\/wp-content\/uploads\/2026\/08\/apres-le-deplacement-des-SDF-1152x1536.jpg 1152w, https:\/\/www.roubaixaujourdhuietdemain.fr\/philippedelannoy\/wp-content\/uploads\/2026\/08\/apres-le-deplacement-des-SDF-624x832.jpg 624w, https:\/\/www.roubaixaujourdhuietdemain.fr\/philippedelannoy\/wp-content\/uploads\/2026\/08\/apres-le-deplacement-des-SDF.jpg 1536w\" sizes=\"auto, (max-width: 768px) 100vw, 768px\" \/><\/a><\/figure>\n\n\n\n<figure class=\"wp-block-image size-large\"><a href=\"https:\/\/www.roubaixaujourdhuietdemain.fr\/philippedelannoy\/wp-content\/uploads\/2026\/08\/transfere-a-10-metres.jpg\"><img loading=\"lazy\" decoding=\"async\" width=\"1024\" height=\"768\" src=\"https:\/\/www.roubaixaujourdhuietdemain.fr\/philippedelannoy\/wp-content\/uploads\/2026\/08\/transfere-a-10-metres-1024x768.jpg\" alt=\"\" class=\"wp-image-1588\" srcset=\"https:\/\/www.roubaixaujourdhuietdemain.fr\/philippedelannoy\/wp-content\/uploads\/2026\/08\/transfere-a-10-metres-1024x768.jpg 1024w, https:\/\/www.roubaixaujourdhuietdemain.fr\/philippedelannoy\/wp-content\/uploads\/2026\/08\/transfere-a-10-metres-300x225.jpg 300w, https:\/\/www.roubaixaujourdhuietdemain.fr\/philippedelannoy\/wp-content\/uploads\/2026\/08\/transfere-a-10-metres-768x576.jpg 768w, https:\/\/www.roubaixaujourdhuietdemain.fr\/philippedelannoy\/wp-content\/uploads\/2026\/08\/transfere-a-10-metres-1536x1152.jpg 1536w, https:\/\/www.roubaixaujourdhuietdemain.fr\/philippedelannoy\/wp-content\/uploads\/2026\/08\/transfere-a-10-metres-624x468.jpg 624w, https:\/\/www.roubaixaujourdhuietdemain.fr\/philippedelannoy\/wp-content\/uploads\/2026\/08\/transfere-a-10-metres.jpg 2048w\" sizes=\"auto, (max-width: 1024px) 100vw, 1024px\" \/><\/a><\/figure>\n\n\n","protected":false},"excerpt":{"rendered":"<p>Nous n\u2019avons jamais assez d\u2019humilit\u00e9 pour nous permettre de parler de la mis\u00e8re de nos concitoyens. Pourtant, nous devenons coupables si nous fermons les yeux et si l\u2019on refuse de chercher des solutions. Le mini-campement a d\u00e9but\u00e9 il y a trois ans et s\u2019\u00e9tendait dangereusement. La nouvelle municipalit\u00e9 de mars 2026 a tent\u00e9 d\u2019agir. C\u2019est [&hellip;]<\/p>\n","protected":false},"author":2,"featured_media":0,"comment_status":"open","ping_status":"open","sticky":false,"template":"","format":"standard","meta":{"footnotes":""},"categories":[8,7,2],"tags":[],"class_list":["post-1585","post","type-post","status-publish","format-standard","hentry","category-cadre-de-vie","category-politique","category-vivre-ensemble"],"_links":{"self":[{"href":"https:\/\/www.roubaixaujourdhuietdemain.fr\/philippedelannoy\/wp-json\/wp\/v2\/posts\/1585","targetHints":{"allow":["GET"]}}],"collection":[{"href":"https:\/\/www.roubaixaujourdhuietdemain.fr\/philippedelannoy\/wp-json\/wp\/v2\/posts"}],"about":[{"href":"https:\/\/www.roubaixaujourdhuietdemain.fr\/philippedelannoy\/wp-json\/wp\/v2\/types\/post"}],"author":[{"embeddable":true,"href":"https:\/\/www.roubaixaujourdhuietdemain.fr\/philippedelannoy\/wp-json\/wp\/v2\/users\/2"}],"replies":[{"embeddable":true,"href":"https:\/\/www.roubaixaujourdhuietdemain.fr\/philippedelannoy\/wp-json\/wp\/v2\/comments?post=1585"}],"version-history":[{"count":1,"href":"https:\/\/www.roubaixaujourdhuietdemain.fr\/philippedelannoy\/wp-json\/wp\/v2\/posts\/1585\/revisions"}],"predecessor-version":[{"id":1589,"href":"https:\/\/www.roubaixaujourdhuietdemain.fr\/philippedelannoy\/wp-json\/wp\/v2\/posts\/1585\/revisions\/1589"}],"wp:attachment":[{"href":"https:\/\/www.roubaixaujourdhuietdemain.fr\/philippedelannoy\/wp-json\/wp\/v2\/media?parent=1585"}],"wp:term":[{"taxonomy":"category","embeddable":true,"href":"https:\/\/www.roubaixaujourdhuietdemain.fr\/philippedelannoy\/wp-json\/wp\/v2\/categories?post=1585"},{"taxonomy":"post_tag","embeddable":true,"href":"https:\/\/www.roubaixaujourdhuietdemain.fr\/philippedelannoy\/wp-json\/wp\/v2\/tags?post=1585"}],"curies":[{"name":"wp","href":"https:\/\/api.w.org\/{rel}","templated":true}]}}