{"id":167,"date":"2018-03-30T20:45:00","date_gmt":"2018-03-30T19:45:00","guid":{"rendered":"http:\/\/www.roubaixaujourdhuietdemain.fr\/philippedelannoy\/?p=167"},"modified":"2018-03-30T20:45:10","modified_gmt":"2018-03-30T19:45:10","slug":"concordance-entre-lacte-du-colonel-et-sa-foi","status":"publish","type":"post","link":"https:\/\/www.roubaixaujourdhuietdemain.fr\/philippedelannoy\/2018\/03\/30\/concordance-entre-lacte-du-colonel-et-sa-foi\/","title":{"rendered":"Concordance entre l&rsquo;acte du colonel et sa foi"},"content":{"rendered":"<p>Notre mod\u00e8le national, d\u2019aujourd\u2019hui, le colonel Arnaud Beltrame savait que son m\u00e9tier pouvait le conduire \u00e0 la mort. Mais, dans le cas pr\u00e9sent, ce chr\u00e9tien militant a d\u00e9pass\u00e9 son engagement militaire. Il a offert sa vie, sans aucune obligation, pour sauver une jeune femme et permettre \u00e0 une petite fille de vivre aupr\u00e8s de sa maman.<\/p>\n<p>Quelle belle image donne-t-il de sa foi en cette p\u00e9riode o\u00f9 les chr\u00e9tiens comm\u00e9morent la Passion de J\u00e9sus de Nazareth (ville palestinienne \u00e0 majorit\u00e9 musulmane aujourd\u2019hui rattach\u00e9e \u00e0 Isra\u00ebl, tout un symbole). J\u00e9sus qui donne pr\u00e9cis\u00e9ment sa vie pour nous sauver du mal. Le colonel Beltrame sauve Julie du mal que voulait lui faire un individu qui pratiquait sa religion de fa\u00e7on obscure.<\/p>\n","protected":false},"excerpt":{"rendered":"<p>Notre mod\u00e8le national, d\u2019aujourd\u2019hui, le colonel Arnaud Beltrame savait que son m\u00e9tier pouvait le conduire \u00e0 la mort. Mais, dans le cas pr\u00e9sent, ce chr\u00e9tien militant a d\u00e9pass\u00e9 son engagement militaire. Il a offert sa vie, sans aucune obligation, pour sauver une jeune femme et permettre \u00e0 une petite fille de vivre aupr\u00e8s de sa [&hellip;]<\/p>\n","protected":false},"author":2,"featured_media":0,"comment_status":"open","ping_status":"open","sticky":false,"template":"","format":"standard","meta":{"footnotes":""},"categories":[2],"tags":[],"class_list":["post-167","post","type-post","status-publish","format-standard","hentry","category-vivre-ensemble"],"_links":{"self":[{"href":"https:\/\/www.roubaixaujourdhuietdemain.fr\/philippedelannoy\/wp-json\/wp\/v2\/posts\/167","targetHints":{"allow":["GET"]}}],"collection":[{"href":"https:\/\/www.roubaixaujourdhuietdemain.fr\/philippedelannoy\/wp-json\/wp\/v2\/posts"}],"about":[{"href":"https:\/\/www.roubaixaujourdhuietdemain.fr\/philippedelannoy\/wp-json\/wp\/v2\/types\/post"}],"author":[{"embeddable":true,"href":"https:\/\/www.roubaixaujourdhuietdemain.fr\/philippedelannoy\/wp-json\/wp\/v2\/users\/2"}],"replies":[{"embeddable":true,"href":"https:\/\/www.roubaixaujourdhuietdemain.fr\/philippedelannoy\/wp-json\/wp\/v2\/comments?post=167"}],"version-history":[{"count":1,"href":"https:\/\/www.roubaixaujourdhuietdemain.fr\/philippedelannoy\/wp-json\/wp\/v2\/posts\/167\/revisions"}],"predecessor-version":[{"id":168,"href":"https:\/\/www.roubaixaujourdhuietdemain.fr\/philippedelannoy\/wp-json\/wp\/v2\/posts\/167\/revisions\/168"}],"wp:attachment":[{"href":"https:\/\/www.roubaixaujourdhuietdemain.fr\/philippedelannoy\/wp-json\/wp\/v2\/media?parent=167"}],"wp:term":[{"taxonomy":"category","embeddable":true,"href":"https:\/\/www.roubaixaujourdhuietdemain.fr\/philippedelannoy\/wp-json\/wp\/v2\/categories?post=167"},{"taxonomy":"post_tag","embeddable":true,"href":"https:\/\/www.roubaixaujourdhuietdemain.fr\/philippedelannoy\/wp-json\/wp\/v2\/tags?post=167"}],"curies":[{"name":"wp","href":"https:\/\/api.w.org\/{rel}","templated":true}]}}