{"id":186,"date":"2018-11-13T22:05:00","date_gmt":"2018-11-13T21:05:00","guid":{"rendered":"http:\/\/www.roubaixaujourdhuietdemain.fr\/philippedelannoy\/?p=186"},"modified":"2018-11-13T22:05:08","modified_gmt":"2018-11-13T21:05:08","slug":"lettre-au-president-de-la-republique","status":"publish","type":"post","link":"https:\/\/www.roubaixaujourdhuietdemain.fr\/philippedelannoy\/2018\/11\/13\/lettre-au-president-de-la-republique\/","title":{"rendered":"Lettre au Pr\u00e9sident de la R\u00e9publique"},"content":{"rendered":"<p>&nbsp;<\/p>\n<p><strong>Lettre au Pr\u00e9sident de la R\u00e9publique.<\/strong><\/p>\n<p><strong>Aux bons soins de Madame Catherine Osson, d\u00e9put\u00e9e (LREM) de la 8<sup>\u00e8me<\/sup> circonscription du Nord.<\/strong><\/p>\n<p>J\u2019ai fait partie des 24% de fran\u00e7ais qui ont permis \u00e0 M. Macron de se maintenir au deuxi\u00e8me tour de l\u2019\u00e9lection pr\u00e9sidentielle et donc de devenir Pr\u00e9sident de notre R\u00e9publique. C\u2019est en connaissance de cause que j\u2019ai accept\u00e9 qu\u2019il me ponctionne de 1,7% de CSG suppl\u00e9mentaire sur mes pensions afin qu\u2019il puisse all\u00e9ger les charges sur les salaires. Mais il ne nous avait pas pr\u00e9venu qu\u2019il allait faire preuve d\u2019un \u00ab\u00a0Incroyable talent\u00a0\u00bb pour nous accabler et nous d\u00e9moraliser.<\/p>\n<p>Ce qui n\u2019avait pas annonc\u00e9 lors de la campagne c\u2019est\u00a0:<\/p>\n<ul>\n<li>Qu\u2019il allait en plus de l\u2019augmentation de la CSG bloquer la revalorisation des pensions.<\/li>\n<li>Qu\u2019il allait augmenter la contribution sociale g\u00e9n\u00e9ralis\u00e9e en 2019.<\/li>\n<li>Qu\u2019il allait emboiter le pas aux \u00e9cologistes partisans de l\u2019extr\u00eame.<\/li>\n<li>Qu\u2019il allait accentuer l\u2019augmentation du prix du gasoil et du fioul par la taxe carbone.<\/li>\n<li>Qu\u2019il renforcerait le contr\u00f4le technique entra\u00eenant par l\u00e0 m\u00eame son co\u00fbt.<\/li>\n<li>Qu\u2019il reporterait \u00e0 2021 la suppression de la taxe d\u2019habitation pour tous.<\/li>\n<li>Qu\u2019il ne prendrait pas les mesures n\u00e9cessaires pour au moins stabiliser la dette.<\/li>\n<li>Qu\u2019il allait reprendre l\u2019id\u00e9e de Messieurs Piketty et Hollande en mettant en place le pr\u00e9l\u00e8vement \u00e0 la source sans remettre en cause notre syst\u00e8me fiscal.<\/li>\n<li>Qu\u2019il cr\u00e9erait une taxe additionnelle sur la carte grise, une taxe Gemapi, une taxe sp\u00e9ciale d\u2019\u00e9quipement r\u00e9gional.<\/li>\n<li>Qu\u2019il laisserait augmenter la base d\u2019imposition de la taxe fonci\u00e8re m\u00eame quand le revenu locatif baisse.<\/li>\n<li>\u2026.<\/li>\n<\/ul>\n<p>Il avait bien commenc\u00e9 en simplifiant le code du travail, en renfor\u00e7ant la formation professionnelle, en dopant l\u2019apprentissage, en\u00a0taxant moins le travail, en supprimant 25 petites taxes obsol\u00e8tes, en stoppant la d\u00e9rive de l\u2019\u00e9ducation nationale, en s\u2019attaquant \u00e0 la r\u00e9forme de la SNCF, du r\u00e9gime des retraites, de l\u2019assurance ch\u00f4mage et voil\u00e0 que tout s\u2019embrouille. Il devient\u00a0: le \u00ab\u00a0Monsieur taxes\u00a0\u00bb lesquelles effacent ce qu\u2019il donne d\u2019un c\u00f4t\u00e9 en le reprenant de l\u2019autre, le\u00a0\u00ab Monsieur tracasserie\u00a0\u00bb en laissant r\u00e9duire par exemple la vitesse \u00e0 80 km\/h sur les routes, le \u00ab\u00a0Monsieur lourdeurs administratives\u00a0\u00bb en envisageant d\u2019offrir \u00e0 certains fran\u00e7ais des ch\u00e8ques de compensation \u00e0 l\u2019augmentation des carburants ou en mettent en place l\u2019imp\u00f4t \u00e0 la source sans r\u00e9former en profondeur notre syst\u00e8me fiscal.<\/p>\n<p>Vous avez plus de chance que moi, Madame la d\u00e9put\u00e9e, pour dire au Pr\u00e9sident qu\u2019une bonne partie de son \u00e9lectorat est en train de le l\u00e2cher. Comme premi\u00e8re cons\u00e9quence, il va briser l\u2019Union europ\u00e9enne car le 26 mai prochain, comme \u00e0 l\u2019habitude, les fran\u00e7ais vont sanctionner le Pr\u00e9sident sans tenir compte de ce qu\u2019il propose pour sauver l\u2019Union europ\u00e9enne. La deuxi\u00e8me cons\u00e9quence, encore plus grave, c\u2019est qu\u2019il ouvre la voie aux extr\u00eames (droite\/gauche).<\/p>\n<p>Pour toutes ces raisons, \u00e0 contrec\u0153ur par rapport \u00e0 la forme, je manifesterai le 17 novembre pour tenter l\u2019\u00e9lectrochoc.<\/p>\n<p>Bien respectueusement, Philippe Delannoy un simple citoyen roubaisien engag\u00e9 dans aucun parti.<\/p>\n","protected":false},"excerpt":{"rendered":"<p>&nbsp; Lettre au Pr\u00e9sident de la R\u00e9publique. Aux bons soins de Madame Catherine Osson, d\u00e9put\u00e9e (LREM) de la 8\u00e8me circonscription du Nord. J\u2019ai fait partie des 24% de fran\u00e7ais qui ont permis \u00e0 M. Macron de se maintenir au deuxi\u00e8me tour de l\u2019\u00e9lection pr\u00e9sidentielle et donc de devenir Pr\u00e9sident de notre R\u00e9publique. C\u2019est en connaissance [&hellip;]<\/p>\n","protected":false},"author":2,"featured_media":0,"comment_status":"open","ping_status":"open","sticky":false,"template":"","format":"standard","meta":{"footnotes":""},"categories":[7],"tags":[],"class_list":["post-186","post","type-post","status-publish","format-standard","hentry","category-politique"],"_links":{"self":[{"href":"https:\/\/www.roubaixaujourdhuietdemain.fr\/philippedelannoy\/wp-json\/wp\/v2\/posts\/186","targetHints":{"allow":["GET"]}}],"collection":[{"href":"https:\/\/www.roubaixaujourdhuietdemain.fr\/philippedelannoy\/wp-json\/wp\/v2\/posts"}],"about":[{"href":"https:\/\/www.roubaixaujourdhuietdemain.fr\/philippedelannoy\/wp-json\/wp\/v2\/types\/post"}],"author":[{"embeddable":true,"href":"https:\/\/www.roubaixaujourdhuietdemain.fr\/philippedelannoy\/wp-json\/wp\/v2\/users\/2"}],"replies":[{"embeddable":true,"href":"https:\/\/www.roubaixaujourdhuietdemain.fr\/philippedelannoy\/wp-json\/wp\/v2\/comments?post=186"}],"version-history":[{"count":1,"href":"https:\/\/www.roubaixaujourdhuietdemain.fr\/philippedelannoy\/wp-json\/wp\/v2\/posts\/186\/revisions"}],"predecessor-version":[{"id":187,"href":"https:\/\/www.roubaixaujourdhuietdemain.fr\/philippedelannoy\/wp-json\/wp\/v2\/posts\/186\/revisions\/187"}],"wp:attachment":[{"href":"https:\/\/www.roubaixaujourdhuietdemain.fr\/philippedelannoy\/wp-json\/wp\/v2\/media?parent=186"}],"wp:term":[{"taxonomy":"category","embeddable":true,"href":"https:\/\/www.roubaixaujourdhuietdemain.fr\/philippedelannoy\/wp-json\/wp\/v2\/categories?post=186"},{"taxonomy":"post_tag","embeddable":true,"href":"https:\/\/www.roubaixaujourdhuietdemain.fr\/philippedelannoy\/wp-json\/wp\/v2\/tags?post=186"}],"curies":[{"name":"wp","href":"https:\/\/api.w.org\/{rel}","templated":true}]}}