{"id":21,"date":"2014-12-21T14:09:03","date_gmt":"2014-12-21T13:09:03","guid":{"rendered":"http:\/\/www.roubaixaujourdhuietdemain.fr\/philippedelannoy\/?p=21"},"modified":"2015-09-12T14:26:08","modified_gmt":"2015-09-12T13:26:08","slug":"metropole-europeenne-de-lille","status":"publish","type":"post","link":"https:\/\/www.roubaixaujourdhuietdemain.fr\/philippedelannoy\/2014\/12\/21\/metropole-europeenne-de-lille\/","title":{"rendered":"\u00ab M\u00e9tropole europ\u00e9enne de Lille \u00bb"},"content":{"rendered":"<p style=\"text-align: justify;\">La loi de modernisation de l\u2019action publique territoriale et d\u2019affirmation des m\u00e9tropoles entra\u00eene un changement de nom de la LMCU. Elle devient \u00ab M\u00e9tropole europ\u00e9enne de Lille \u00bb.<\/p>\n<p style=\"text-align: justify;\">Sans doute, Messieurs Delbar et Darmanin ont laiss\u00e9 passer la chance qui leur \u00e9tait donn\u00e9e de mettre sur un m\u00eame pied d\u2019\u00e9galit\u00e9 Roubaix, Tourcoing et Lille. Ils auraient d\u00fb d\u00e9fendre l\u2019appellation \u00ab M\u00e9tropole des Flandres \u00bb, terme qui avait l\u2019avantage de n\u2019enterrer aucune de nos 3 grandes villes. C\u2019\u00e9tait aussi une fa\u00e7on de pr\u00e9parer l\u2019avenir \u00e0 savoir le rapprochement avec les communes belges proches de Roubaix et Tourcoing.<\/p>\n<div class=\"addtoany_share_save_container addtoany_content_bottom\">\n<div class=\"a2a_kit a2a_kit_size_32 addtoany_list a2a_target\"><script type=\"text\/javascript\">\/\/ <![CDATA[\nwpa2a.script_load();\n\/\/ ]]><\/script><\/div>\n<\/div>\n","protected":false},"excerpt":{"rendered":"<p>La loi de modernisation de l\u2019action publique territoriale et d\u2019affirmation des m\u00e9tropoles entra\u00eene un changement de nom de la LMCU. Elle devient \u00ab M\u00e9tropole europ\u00e9enne de Lille \u00bb. Sans doute, Messieurs Delbar et Darmanin ont laiss\u00e9 passer la chance qui leur \u00e9tait donn\u00e9e de mettre sur un m\u00eame pied d\u2019\u00e9galit\u00e9 Roubaix, Tourcoing et Lille. Ils [&hellip;]<\/p>\n","protected":false},"author":2,"featured_media":0,"comment_status":"open","ping_status":"open","sticky":false,"template":"","format":"standard","meta":{"footnotes":""},"categories":[7],"tags":[],"class_list":["post-21","post","type-post","status-publish","format-standard","hentry","category-politique"],"_links":{"self":[{"href":"https:\/\/www.roubaixaujourdhuietdemain.fr\/philippedelannoy\/wp-json\/wp\/v2\/posts\/21","targetHints":{"allow":["GET"]}}],"collection":[{"href":"https:\/\/www.roubaixaujourdhuietdemain.fr\/philippedelannoy\/wp-json\/wp\/v2\/posts"}],"about":[{"href":"https:\/\/www.roubaixaujourdhuietdemain.fr\/philippedelannoy\/wp-json\/wp\/v2\/types\/post"}],"author":[{"embeddable":true,"href":"https:\/\/www.roubaixaujourdhuietdemain.fr\/philippedelannoy\/wp-json\/wp\/v2\/users\/2"}],"replies":[{"embeddable":true,"href":"https:\/\/www.roubaixaujourdhuietdemain.fr\/philippedelannoy\/wp-json\/wp\/v2\/comments?post=21"}],"version-history":[{"count":2,"href":"https:\/\/www.roubaixaujourdhuietdemain.fr\/philippedelannoy\/wp-json\/wp\/v2\/posts\/21\/revisions"}],"predecessor-version":[{"id":27,"href":"https:\/\/www.roubaixaujourdhuietdemain.fr\/philippedelannoy\/wp-json\/wp\/v2\/posts\/21\/revisions\/27"}],"wp:attachment":[{"href":"https:\/\/www.roubaixaujourdhuietdemain.fr\/philippedelannoy\/wp-json\/wp\/v2\/media?parent=21"}],"wp:term":[{"taxonomy":"category","embeddable":true,"href":"https:\/\/www.roubaixaujourdhuietdemain.fr\/philippedelannoy\/wp-json\/wp\/v2\/categories?post=21"},{"taxonomy":"post_tag","embeddable":true,"href":"https:\/\/www.roubaixaujourdhuietdemain.fr\/philippedelannoy\/wp-json\/wp\/v2\/tags?post=21"}],"curies":[{"name":"wp","href":"https:\/\/api.w.org\/{rel}","templated":true}]}}