{"id":29,"date":"2015-04-24T14:30:36","date_gmt":"2015-04-24T13:30:36","guid":{"rendered":"http:\/\/www.roubaixaujourdhuietdemain.fr\/philippedelannoy\/?p=29"},"modified":"2015-09-12T14:52:14","modified_gmt":"2015-09-12T13:52:14","slug":"le-zero-dechet-municipal-sous-les-ors-de-la-republique","status":"publish","type":"post","link":"https:\/\/www.roubaixaujourdhuietdemain.fr\/philippedelannoy\/2015\/04\/24\/le-zero-dechet-municipal-sous-les-ors-de-la-republique\/","title":{"rendered":"\u00ab Le Z\u00e9ro d\u00e9chet municipal sous les ors de la R\u00e9publique \u00bb"},"content":{"rendered":"<p style=\"text-align: justify;\">Apr\u00e8s 3 jours \u00e0 M\u00e9nilles en Normandie dans un environnement paisible, propre, la r\u00e9alit\u00e9 de mon quotidien \u00e0 Roubaix me rattrape. Le dimanche 19 avril en soir\u00e9e un parcours de 600 m\u00e8tres de la rue de l\u2019Hospice vers la rue Saint Antoine me laisse pantois. Optimiste, j\u2019ose esp\u00e9rer \u00e0 un simple grain de sable dans la nouvelle organisation \u00ab propret\u00e9 de la ville \u00bb qui devait trouver son aboutissement en mars 2015, apr\u00e8s un an de r\u00e9flexion. Seulement, il ne s\u2019agissait pas d\u2019un impr\u00e9vu, 48 heures plus tard je devais constater que tout \u00e9tait dans le m\u00eame \u00e9tat. Jugez vous-m\u00eame :<span id=\"more-1100\"><\/span><\/p>\n<p><![if !IE]><iframe loading=\"lazy\" src=\"https:\/\/docs.google.com\/viewer?url=http%3A%2F%2Fwww.roubaixaujourdhuietdemain.fr%2Fphilippedelannoy%2Fwp-content%2Fuploads%2F2015%2F09%2FPardours-page-3.pdf&amp;embedded=true\" class=\"pdf\" frameborder=\"0\" style=\"height:938px;width:625px;border:0\" width=\"625\" height=\"938\"><\/iframe><![endif]><!--[if IE]><object width=\"625\" height=\"938\" type=\"application\/pdf\" data=\"http:\/\/www.roubaixaujourdhuietdemain.fr\/philippedelannoy\/wp-content\/uploads\/2015\/09\/Pardours-page-3.pdf\" class=\"pdf ie\">\n \n<div style=\"width:625;height:938;text-align:center;background:#fff;color:#000;margin:0;border:0;padding:0\">Unable to display PDF<br \/><a href=\"http:\/\/www.roubaixaujourdhuietdemain.fr\/philippedelannoy\/wp-content\/uploads\/2015\/09\/Pardours-page-3.pdf\">Click here to download<\/a><\/div>\n \n<\/object><![endif]--><\/p>\n<p style=\"text-align: justify;\">Aussi, ne met on pas la charrue avant les b\u0153ufs en se polarisant sur la grande affaire du \u00ab Z\u00e9ro d\u00e9chet \u00bb ? Est-on s\u00fbr que la grande majorit\u00e9 des citoyens de notre ville trouve dans cette affaire l\u2019aboutissement de leur pr\u00e9occupation premi\u00e8re. L\u2019association \u00ab Roubaix Aujourd\u2019hui et Demain \u00bb (RAD) a \u00e9mis 10 propositions indissociables pour esp\u00e9rer gagner la bataille de la propret\u00e9 \u00e0 Roubaix. Elle ne pense pas d\u00e9tenir le savoir infaillible, mais de toute \u00e9vidence ce qu\u2019on nous propose ne fonctionne pas ; alors pourquoi ne pas essayer les 10 propositions propos\u00e9es par RAD, voire \u00e0 sous-traiter avec l\u2019association leur mise en \u0153uvre.<\/p>\n","protected":false},"excerpt":{"rendered":"<p>Apr\u00e8s 3 jours \u00e0 M\u00e9nilles en Normandie dans un environnement paisible, propre, la r\u00e9alit\u00e9 de mon quotidien \u00e0 Roubaix me rattrape. Le dimanche 19 avril en soir\u00e9e un parcours de 600 m\u00e8tres de la rue de l\u2019Hospice vers la rue Saint Antoine me laisse pantois. Optimiste, j\u2019ose esp\u00e9rer \u00e0 un simple grain de sable dans [&hellip;]<\/p>\n","protected":false},"author":2,"featured_media":0,"comment_status":"open","ping_status":"open","sticky":false,"template":"","format":"standard","meta":{"footnotes":""},"categories":[8],"tags":[],"class_list":["post-29","post","type-post","status-publish","format-standard","hentry","category-cadre-de-vie"],"_links":{"self":[{"href":"https:\/\/www.roubaixaujourdhuietdemain.fr\/philippedelannoy\/wp-json\/wp\/v2\/posts\/29","targetHints":{"allow":["GET"]}}],"collection":[{"href":"https:\/\/www.roubaixaujourdhuietdemain.fr\/philippedelannoy\/wp-json\/wp\/v2\/posts"}],"about":[{"href":"https:\/\/www.roubaixaujourdhuietdemain.fr\/philippedelannoy\/wp-json\/wp\/v2\/types\/post"}],"author":[{"embeddable":true,"href":"https:\/\/www.roubaixaujourdhuietdemain.fr\/philippedelannoy\/wp-json\/wp\/v2\/users\/2"}],"replies":[{"embeddable":true,"href":"https:\/\/www.roubaixaujourdhuietdemain.fr\/philippedelannoy\/wp-json\/wp\/v2\/comments?post=29"}],"version-history":[{"count":3,"href":"https:\/\/www.roubaixaujourdhuietdemain.fr\/philippedelannoy\/wp-json\/wp\/v2\/posts\/29\/revisions"}],"predecessor-version":[{"id":36,"href":"https:\/\/www.roubaixaujourdhuietdemain.fr\/philippedelannoy\/wp-json\/wp\/v2\/posts\/29\/revisions\/36"}],"wp:attachment":[{"href":"https:\/\/www.roubaixaujourdhuietdemain.fr\/philippedelannoy\/wp-json\/wp\/v2\/media?parent=29"}],"wp:term":[{"taxonomy":"category","embeddable":true,"href":"https:\/\/www.roubaixaujourdhuietdemain.fr\/philippedelannoy\/wp-json\/wp\/v2\/categories?post=29"},{"taxonomy":"post_tag","embeddable":true,"href":"https:\/\/www.roubaixaujourdhuietdemain.fr\/philippedelannoy\/wp-json\/wp\/v2\/tags?post=29"}],"curies":[{"name":"wp","href":"https:\/\/api.w.org\/{rel}","templated":true}]}}