{"id":39,"date":"2015-09-24T22:18:08","date_gmt":"2015-09-24T21:18:08","guid":{"rendered":"http:\/\/www.roubaixaujourdhuietdemain.fr\/philippedelannoy\/?p=39"},"modified":"2015-09-24T22:18:08","modified_gmt":"2015-09-24T21:18:08","slug":"en-continuite-des-journee-du-patrimoine-a-roubaix","status":"publish","type":"post","link":"https:\/\/www.roubaixaujourdhuietdemain.fr\/philippedelannoy\/2015\/09\/24\/en-continuite-des-journee-du-patrimoine-a-roubaix\/","title":{"rendered":"En continuit\u00e9 des journ\u00e9e du patrimoine \u00e0 Roubaix"},"content":{"rendered":"<p style=\"text-align: justify;\">L\u2019ex-\u00e9glise Notre-Dame, avenue des Nations Unies, appel\u00e9e aussi le salon des Gobelins fait r\u00e9guli\u00e8rement parler d\u2019elle. Qu\u2019elle est son devenir ?<\/p>\n<p style=\"text-align: justify;\">C\u2019\u00e9tait un grand classique au cours des derni\u00e8res mandatures, la ville achetait du patrimoine remarquable puis pour un tas de raisons elle le laissait s\u2019autod\u00e9truire plut\u00f4t que de l\u2019entretenir au jour le jour, (C\u2019est \u00e9galement le cas aujourd\u2019hui pour le Couvent des Clarisses).<\/p>\n<p style=\"text-align: justify;\">Pour l\u2019ex-\u00e9glise Notre-Dame, le journaliste peut se tranquilliser nous avons mieux \u00e0 proposer que de couper le b\u00e2timent en deux (clic clac N.E. du 27 ao\u00fbt 2015, sign\u00e9 B.R.).<\/p>\n<p style=\"text-align: justify;\">En effet, sur le trottoir d\u2019en face s\u2019\u00e9rige le si\u00e8ge du Cr\u00e9dit Agricole-Consumer Finance, filiale \u00e0 100% du Cr\u00e9dit Agricole SA, or le groupe d\u00e9veloppe une politique de m\u00e9c\u00e9nat dans le cadre de sa Fondation dont le but est\u00a0 de pr\u00e9server des monuments, des lieux de m\u00e9moire et de contribuer \u00e0 faire vivre la culture des r\u00e9gions. Nous pensons que c\u2019est une opportunit\u00e9 \u00e0 saisir.<\/p>\n<p style=\"text-align: justify;\">Pouvons-nous encourager notre Maire et son adjoint \u00e0 la culture de se rapprocher des instances de la Fondation et du nouveau si\u00e8ge\u00a0 afin de leur proposer de faire revivre ce b\u00e2timent remarquable \u00e0 l\u2019abandon. Pourquoi faire\u00a0?<\/p>\n<p style=\"text-align: justify;\">Une fois le b\u00e2timent r\u00e9nov\u00e9 la Fondation pourrait financer une association charg\u00e9e, d\u2019une part, d\u2019organiser des concerts et des r\u00e9citals d\u2019orgue. L\u2019acoustique des lieux se pr\u00eate \u00e0 ce projet. Un partenariat avec le conservatoire de Roubaix et l\u2019orchestre national de Lille est envisageable. L\u2019orgue en place est reconnu parmi les meilleurs de France, nous pensons que des organistes de renom seraient heureux de participer. Ils sont\u00a0tr\u00e8s nombreux dans la r\u00e9gion parisienne en Normandie mais aussi \u00a0proches de chez nous\u00a0: Ren\u00e9 Couardent de Mouvaux, Jean Bernard Dagbert de Guines, Aude Heurtemotte professeur \u00e0 Lille, Denis Tchorek de Douai \u2026 D\u2019autre part, de mettre en place une exposition permanente qui retracerait le pass\u00e9 religieux de la ville\u00a0: ses clochers, \u00a0ses communaut\u00e9s religieuses si nombreuses au moment de l\u2019essor de la ville jusqu\u2019en 1970\u00a0: Les filles de la charit\u00e9 rue Pellart, les s\u0153urs de la Visitation boulevard de Strasbourg, les carm\u00e9lites rue Saint Antoine, les s\u0153urs de la Sainte Union rue d\u2019Inkerman, les s\u0153urs de la sainte Familles rue de Lille, les s\u0153urs de la Sagesse, les Augustines, les Franciscaines, les Clarisses, les Petites s\u0153urs des pauvres, etc, etc. Il y a l\u00e0 des pages d\u2019histoire humaine, religieuse et architectural \u00e0 conter qu\u2019ignore aujourd\u2019hui une grande partie des roubaisiens.<\/p>\n<p style=\"text-align: justify;\">Le Cr\u00e9dit Agricole dans le cadre de sa politique de m\u00e9c\u00e9nat s\u2019engage \u00e0 \u00eatre un acc\u00e9l\u00e9rateur de g\u00e9n\u00e9rosit\u00e9 en soutenant\u00a0: des projets de proximit\u00e9, culturels. Nous devons les solliciter.<\/p>\n<p style=\"text-align: justify;\">Pour \u00ab\u00a0Roubaix Aujourd\u2019hui et Demain\u00a0\u00bb,<\/p>\n<p style=\"text-align: justify;\">Philippe Delannoy le 24 septembre 2015<\/p>\n","protected":false},"excerpt":{"rendered":"<p>L\u2019ex-\u00e9glise Notre-Dame, avenue des Nations Unies, appel\u00e9e aussi le salon des Gobelins fait r\u00e9guli\u00e8rement parler d\u2019elle. Qu\u2019elle est son devenir ? C\u2019\u00e9tait un grand classique au cours des derni\u00e8res mandatures, la ville achetait du patrimoine remarquable puis pour un tas de raisons elle le laissait s\u2019autod\u00e9truire plut\u00f4t que de l\u2019entretenir au jour le jour, (C\u2019est [&hellip;]<\/p>\n","protected":false},"author":2,"featured_media":0,"comment_status":"open","ping_status":"open","sticky":false,"template":"","format":"standard","meta":{"footnotes":""},"categories":[4],"tags":[],"class_list":["post-39","post","type-post","status-publish","format-standard","hentry","category-patrimoine"],"_links":{"self":[{"href":"https:\/\/www.roubaixaujourdhuietdemain.fr\/philippedelannoy\/wp-json\/wp\/v2\/posts\/39","targetHints":{"allow":["GET"]}}],"collection":[{"href":"https:\/\/www.roubaixaujourdhuietdemain.fr\/philippedelannoy\/wp-json\/wp\/v2\/posts"}],"about":[{"href":"https:\/\/www.roubaixaujourdhuietdemain.fr\/philippedelannoy\/wp-json\/wp\/v2\/types\/post"}],"author":[{"embeddable":true,"href":"https:\/\/www.roubaixaujourdhuietdemain.fr\/philippedelannoy\/wp-json\/wp\/v2\/users\/2"}],"replies":[{"embeddable":true,"href":"https:\/\/www.roubaixaujourdhuietdemain.fr\/philippedelannoy\/wp-json\/wp\/v2\/comments?post=39"}],"version-history":[{"count":1,"href":"https:\/\/www.roubaixaujourdhuietdemain.fr\/philippedelannoy\/wp-json\/wp\/v2\/posts\/39\/revisions"}],"predecessor-version":[{"id":40,"href":"https:\/\/www.roubaixaujourdhuietdemain.fr\/philippedelannoy\/wp-json\/wp\/v2\/posts\/39\/revisions\/40"}],"wp:attachment":[{"href":"https:\/\/www.roubaixaujourdhuietdemain.fr\/philippedelannoy\/wp-json\/wp\/v2\/media?parent=39"}],"wp:term":[{"taxonomy":"category","embeddable":true,"href":"https:\/\/www.roubaixaujourdhuietdemain.fr\/philippedelannoy\/wp-json\/wp\/v2\/categories?post=39"},{"taxonomy":"post_tag","embeddable":true,"href":"https:\/\/www.roubaixaujourdhuietdemain.fr\/philippedelannoy\/wp-json\/wp\/v2\/tags?post=39"}],"curies":[{"name":"wp","href":"https:\/\/api.w.org\/{rel}","templated":true}]}}