{"id":48,"date":"2015-11-12T18:22:40","date_gmt":"2015-11-12T17:22:40","guid":{"rendered":"http:\/\/www.roubaixaujourdhuietdemain.fr\/philippedelannoy\/?p=48"},"modified":"2015-11-12T18:23:03","modified_gmt":"2015-11-12T17:23:03","slug":"la-politique-sociale-de-lunion-europeenne","status":"publish","type":"post","link":"https:\/\/www.roubaixaujourdhuietdemain.fr\/philippedelannoy\/2015\/11\/12\/la-politique-sociale-de-lunion-europeenne\/","title":{"rendered":"La Politique Sociale de l&rsquo;Union europ\u00e9enne"},"content":{"rendered":"<p>Trop souvent nous nous forgeons des id\u00e9es sans avoir pris le temps de nous documenter, de d\u00e9battre, d\u2019approfondir. Qui n\u2019est pas tomb\u00e9 dans le panneau\u00a0!<\/p>\n<p>Les jeunes europ\u00e9ens, la CFDT, \u2026 nous invitent \u00e0 une conf\u00e9rence sur \u00ab\u00a0La Politique Sociale de l\u2019Union europ\u00e9enne\u00a0\u00bb, Etienne Bastin et moi-m\u00eame irons les \u00e9couter et nous avons pris la d\u00e9cision d\u2019en informer le r\u00e9seau de l\u2019association que nous animons sans pour autant prendre position. Voici l\u2019invitation. A jeudi prochain.<\/p>\n<p>Bien cordialement,<\/p>\n<p>Etienne Bastin &amp; Philippe Delannoy<\/p>\n<p>Nota\u00a0: pour ceux qui ne pourront pas se d\u00e9placer nous esp\u00e9rons que nos deux quotidiens r\u00e9gionaux offriront un compte rendu \u00e9toff\u00e9 de la conf\u00e9rence\u00a0 \u00e0 leurs lecteurs.<\/p>\n<p>Lien pour plus d\u2019informations <a href=\"http:\/\/www.uef.fr\/\">http:\/\/www.uef.fr\/<\/a><a href=\"http:\/\/www.roubaixaujourdhuietdemain.fr\/philippedelannoy\/wp-content\/uploads\/2015\/11\/Politique-social-UE.jpg\"><img loading=\"lazy\" decoding=\"async\" class=\"alignnone size-medium wp-image-46\" src=\"http:\/\/www.roubaixaujourdhuietdemain.fr\/philippedelannoy\/wp-content\/uploads\/2015\/11\/Politique-social-UE-216x300.jpg\" alt=\"Politique social UE\" width=\"216\" height=\"300\" srcset=\"https:\/\/www.roubaixaujourdhuietdemain.fr\/philippedelannoy\/wp-content\/uploads\/2015\/11\/Politique-social-UE-216x300.jpg 216w, https:\/\/www.roubaixaujourdhuietdemain.fr\/philippedelannoy\/wp-content\/uploads\/2015\/11\/Politique-social-UE-739x1024.jpg 739w, https:\/\/www.roubaixaujourdhuietdemain.fr\/philippedelannoy\/wp-content\/uploads\/2015\/11\/Politique-social-UE-624x865.jpg 624w\" sizes=\"auto, (max-width: 216px) 100vw, 216px\" \/><\/a><\/p>\n","protected":false},"excerpt":{"rendered":"<p>Trop souvent nous nous forgeons des id\u00e9es sans avoir pris le temps de nous documenter, de d\u00e9battre, d\u2019approfondir. Qui n\u2019est pas tomb\u00e9 dans le panneau\u00a0! Les jeunes europ\u00e9ens, la CFDT, \u2026 nous invitent \u00e0 une conf\u00e9rence sur \u00ab\u00a0La Politique Sociale de l\u2019Union europ\u00e9enne\u00a0\u00bb, Etienne Bastin et moi-m\u00eame irons les \u00e9couter et nous avons pris la [&hellip;]<\/p>\n","protected":false},"author":2,"featured_media":0,"comment_status":"open","ping_status":"open","sticky":false,"template":"","format":"standard","meta":{"footnotes":""},"categories":[7],"tags":[],"class_list":["post-48","post","type-post","status-publish","format-standard","hentry","category-politique"],"_links":{"self":[{"href":"https:\/\/www.roubaixaujourdhuietdemain.fr\/philippedelannoy\/wp-json\/wp\/v2\/posts\/48","targetHints":{"allow":["GET"]}}],"collection":[{"href":"https:\/\/www.roubaixaujourdhuietdemain.fr\/philippedelannoy\/wp-json\/wp\/v2\/posts"}],"about":[{"href":"https:\/\/www.roubaixaujourdhuietdemain.fr\/philippedelannoy\/wp-json\/wp\/v2\/types\/post"}],"author":[{"embeddable":true,"href":"https:\/\/www.roubaixaujourdhuietdemain.fr\/philippedelannoy\/wp-json\/wp\/v2\/users\/2"}],"replies":[{"embeddable":true,"href":"https:\/\/www.roubaixaujourdhuietdemain.fr\/philippedelannoy\/wp-json\/wp\/v2\/comments?post=48"}],"version-history":[{"count":1,"href":"https:\/\/www.roubaixaujourdhuietdemain.fr\/philippedelannoy\/wp-json\/wp\/v2\/posts\/48\/revisions"}],"predecessor-version":[{"id":49,"href":"https:\/\/www.roubaixaujourdhuietdemain.fr\/philippedelannoy\/wp-json\/wp\/v2\/posts\/48\/revisions\/49"}],"wp:attachment":[{"href":"https:\/\/www.roubaixaujourdhuietdemain.fr\/philippedelannoy\/wp-json\/wp\/v2\/media?parent=48"}],"wp:term":[{"taxonomy":"category","embeddable":true,"href":"https:\/\/www.roubaixaujourdhuietdemain.fr\/philippedelannoy\/wp-json\/wp\/v2\/categories?post=48"},{"taxonomy":"post_tag","embeddable":true,"href":"https:\/\/www.roubaixaujourdhuietdemain.fr\/philippedelannoy\/wp-json\/wp\/v2\/tags?post=48"}],"curies":[{"name":"wp","href":"https:\/\/api.w.org\/{rel}","templated":true}]}}