{"id":67,"date":"2016-01-24T16:08:11","date_gmt":"2016-01-24T15:08:11","guid":{"rendered":"http:\/\/www.roubaixaujourdhuietdemain.fr\/philippedelannoy\/?p=67"},"modified":"2016-01-24T16:08:31","modified_gmt":"2016-01-24T15:08:31","slug":"le-flop-de-la-democratie-participative","status":"publish","type":"post","link":"https:\/\/www.roubaixaujourdhuietdemain.fr\/philippedelannoy\/2016\/01\/24\/le-flop-de-la-democratie-participative\/","title":{"rendered":"Le flop de la d\u00e9mocratie participative"},"content":{"rendered":"<p><strong>Le flop de la d\u00e9mocratie participative.\u00a0<\/strong>Quartier de l\u2019Hommelet \u2013 Place Audenaerde (Sacr\u00e9 c\u0153ur pour les anciens).<\/p>\n<p>Dans \u00ab\u00a0Point de vue\u00a0\u00bb du 23\/01 le journaliste M. Renoul \u00e9crit\u00a0: \u00ab\u00a0tout \u00e9tait r\u00e9uni pour que le projet soit le plus participatif possible\u00a0\u00bb au final c\u2019est un \u00ab\u00a0sentiment d\u2019\u00e9chec\u2026 15 participants sur 300 invit\u00e9s\u00a0\u00bb.<\/p>\n<p>Je n\u2019ai pas le m\u00eame regard. J\u2019ai assist\u00e9 sur invitation \u00e0 2 des premi\u00e8res r\u00e9unions. Lors de la 1<sup>\u00e8re<\/sup> j\u2019ai per\u00e7u \u00a0que le staff du comit\u00e9 avait d\u00e9j\u00e0 des id\u00e9es bien arr\u00eat\u00e9es. A la 2<sup>\u00e8me<\/sup> les repr\u00e9sentants de la mairie posaient d\u2019embl\u00e9e sur la table des plans d\u00e9j\u00e0 bien \u00e9labor\u00e9s. D\u00e8s lors les d\u00e9s \u00e9taient pip\u00e9s.<\/p>\n<p><strong>Pour que fonctionne une v\u00e9ritable d\u00e9mocratie participative, il faut que les citoyens se sentent acteurs\u00a0; autrement dit que les projets soient \u00e9labor\u00e9s \u00e0 partir de leurs souhaits lib\u00e9r\u00e9s de toutes influences<\/strong>. C\u2019est seulement alors que les comit\u00e9s, la mairie doivent se mettre au travail, \u00e9tablir la synth\u00e8se des attentes des citoyens et faire le tri entre le possible et l\u2019irr\u00e9alisable, arguments \u00e0 l\u2019appui.<\/p>\n<p>Sur l\u2019organisation\u00a0: trois ans c\u2019est beaucoup trop long pour mobiliser les gens, et que dire si\u00a0 les participants aux premi\u00e8res r\u00e9unions ne sont plus invit\u00e9s alors qu\u2019ils ont inscrit leurs cordonn\u00e9es sur un cahier de pr\u00e9sence (c\u2019est mon cas).<\/p>\n<p>Les conditions du succ\u00e8s n\u2019\u00e9taient pas r\u00e9unies, le flop final n\u2019a rien d\u2019\u00e9tonnant.<\/p>\n","protected":false},"excerpt":{"rendered":"<p>Le flop de la d\u00e9mocratie participative.\u00a0Quartier de l\u2019Hommelet \u2013 Place Audenaerde (Sacr\u00e9 c\u0153ur pour les anciens). Dans \u00ab\u00a0Point de vue\u00a0\u00bb du 23\/01 le journaliste M. Renoul \u00e9crit\u00a0: \u00ab\u00a0tout \u00e9tait r\u00e9uni pour que le projet soit le plus participatif possible\u00a0\u00bb au final c\u2019est un \u00ab\u00a0sentiment d\u2019\u00e9chec\u2026 15 participants sur 300 invit\u00e9s\u00a0\u00bb. Je n\u2019ai pas le m\u00eame [&hellip;]<\/p>\n","protected":false},"author":2,"featured_media":0,"comment_status":"open","ping_status":"open","sticky":false,"template":"","format":"standard","meta":{"footnotes":""},"categories":[3,7,2],"tags":[],"class_list":["post-67","post","type-post","status-publish","format-standard","hentry","category-lurbanisme","category-politique","category-vivre-ensemble"],"_links":{"self":[{"href":"https:\/\/www.roubaixaujourdhuietdemain.fr\/philippedelannoy\/wp-json\/wp\/v2\/posts\/67","targetHints":{"allow":["GET"]}}],"collection":[{"href":"https:\/\/www.roubaixaujourdhuietdemain.fr\/philippedelannoy\/wp-json\/wp\/v2\/posts"}],"about":[{"href":"https:\/\/www.roubaixaujourdhuietdemain.fr\/philippedelannoy\/wp-json\/wp\/v2\/types\/post"}],"author":[{"embeddable":true,"href":"https:\/\/www.roubaixaujourdhuietdemain.fr\/philippedelannoy\/wp-json\/wp\/v2\/users\/2"}],"replies":[{"embeddable":true,"href":"https:\/\/www.roubaixaujourdhuietdemain.fr\/philippedelannoy\/wp-json\/wp\/v2\/comments?post=67"}],"version-history":[{"count":1,"href":"https:\/\/www.roubaixaujourdhuietdemain.fr\/philippedelannoy\/wp-json\/wp\/v2\/posts\/67\/revisions"}],"predecessor-version":[{"id":68,"href":"https:\/\/www.roubaixaujourdhuietdemain.fr\/philippedelannoy\/wp-json\/wp\/v2\/posts\/67\/revisions\/68"}],"wp:attachment":[{"href":"https:\/\/www.roubaixaujourdhuietdemain.fr\/philippedelannoy\/wp-json\/wp\/v2\/media?parent=67"}],"wp:term":[{"taxonomy":"category","embeddable":true,"href":"https:\/\/www.roubaixaujourdhuietdemain.fr\/philippedelannoy\/wp-json\/wp\/v2\/categories?post=67"},{"taxonomy":"post_tag","embeddable":true,"href":"https:\/\/www.roubaixaujourdhuietdemain.fr\/philippedelannoy\/wp-json\/wp\/v2\/tags?post=67"}],"curies":[{"name":"wp","href":"https:\/\/api.w.org\/{rel}","templated":true}]}}