{"id":7,"date":"2015-06-29T14:59:02","date_gmt":"2015-06-29T13:59:02","guid":{"rendered":"http:\/\/www.roubaixaujourdhuietdemain.fr\/philippedelannoy\/?p=7"},"modified":"2015-09-12T14:24:25","modified_gmt":"2015-09-12T13:24:25","slug":"coran-allah-ne-defend-pas-la-bienfaisance","status":"publish","type":"post","link":"https:\/\/www.roubaixaujourdhuietdemain.fr\/philippedelannoy\/2015\/06\/29\/coran-allah-ne-defend-pas-la-bienfaisance\/","title":{"rendered":"Coran : \u00ab\u00a0Allah ne d\u00e9fend pas la bienfaisance\u00a0\u00bb"},"content":{"rendered":"<p style=\"text-align: justify;\">Yassin Salhi adepte de la radicalisation de l\u2019Islam version Salafiste a cherch\u00e9 \u00e0 faire exploser un entrep\u00f4t de gaz, il a d\u00e9capit\u00e9 son prochain, tout cela en France. Je ne suis pas musulman mais j\u2019ai pris le temps de lire le Coran traduit de l\u2019arabe par Kasimirski \u00e9dition Flammarion. Il appara\u00eet que Yassin ne devait pas lire le m\u00eame Livre Saint. Dans la sourate 60, 8<sup>\u00e8me<\/sup> verset j\u2019ai lu\u00a0: <strong>\u00ab\u00a0Allah ne vous d\u00e9fend pas la bienfaisance et l\u2019\u00e9quit\u00e9 envers ceux qui n\u2019ont point combattu contre vous, et qui ne vous ont point bannis de vos foyers. Il aime la justice.\u00a0\u00bb <\/strong><\/p>\n<p style=\"text-align: justify;\">Difficile de dire que la R\u00e9publique fran\u00e7aise (Elle repr\u00e9sente chaque fran\u00e7ais) ne respecte pas la religion musulmane et ses pratiquants ne sont pas bannis par Elle.<\/p>\n<p style=\"text-align: justify;\">La majorit\u00e9 des musulmans paisibles de France ne peut pas accepter les errements de Yassin Salhi sans r\u00e9agir. Les partisans du \u00ab\u00a0Bien\u00a0\u00bb devraient se rebeller haut et fort. Ils pourraient aussi le formuler par des actes, par exemple en refusant de porter les v\u00eatements pr\u00f4n\u00e9s par les adeptes du djihad. <strong>C\u2019est une suggestion visible vers l\u2019apaisement<\/strong>. Chacun dans sa foi au sein de sa famille doit savoir prendre sa d\u00e9cision en toute libert\u00e9. Pourquoi donc certains (nes) devraient-ils continuer \u00e0 se stigmatiser eux-m\u00eames\u00a0!<\/p>\n","protected":false},"excerpt":{"rendered":"<p>Yassin Salhi adepte de la radicalisation de l\u2019Islam version Salafiste a cherch\u00e9 \u00e0 faire exploser un entrep\u00f4t de gaz, il a d\u00e9capit\u00e9 son prochain, tout cela en France. Je ne suis pas musulman mais j\u2019ai pris le temps de lire le Coran traduit de l\u2019arabe par Kasimirski \u00e9dition Flammarion. Il appara\u00eet que Yassin ne devait [&hellip;]<\/p>\n","protected":false},"author":2,"featured_media":0,"comment_status":"open","ping_status":"open","sticky":false,"template":"","format":"standard","meta":{"footnotes":""},"categories":[2],"tags":[],"class_list":["post-7","post","type-post","status-publish","format-standard","hentry","category-vivre-ensemble"],"_links":{"self":[{"href":"https:\/\/www.roubaixaujourdhuietdemain.fr\/philippedelannoy\/wp-json\/wp\/v2\/posts\/7","targetHints":{"allow":["GET"]}}],"collection":[{"href":"https:\/\/www.roubaixaujourdhuietdemain.fr\/philippedelannoy\/wp-json\/wp\/v2\/posts"}],"about":[{"href":"https:\/\/www.roubaixaujourdhuietdemain.fr\/philippedelannoy\/wp-json\/wp\/v2\/types\/post"}],"author":[{"embeddable":true,"href":"https:\/\/www.roubaixaujourdhuietdemain.fr\/philippedelannoy\/wp-json\/wp\/v2\/users\/2"}],"replies":[{"embeddable":true,"href":"https:\/\/www.roubaixaujourdhuietdemain.fr\/philippedelannoy\/wp-json\/wp\/v2\/comments?post=7"}],"version-history":[{"count":3,"href":"https:\/\/www.roubaixaujourdhuietdemain.fr\/philippedelannoy\/wp-json\/wp\/v2\/posts\/7\/revisions"}],"predecessor-version":[{"id":26,"href":"https:\/\/www.roubaixaujourdhuietdemain.fr\/philippedelannoy\/wp-json\/wp\/v2\/posts\/7\/revisions\/26"}],"wp:attachment":[{"href":"https:\/\/www.roubaixaujourdhuietdemain.fr\/philippedelannoy\/wp-json\/wp\/v2\/media?parent=7"}],"wp:term":[{"taxonomy":"category","embeddable":true,"href":"https:\/\/www.roubaixaujourdhuietdemain.fr\/philippedelannoy\/wp-json\/wp\/v2\/categories?post=7"},{"taxonomy":"post_tag","embeddable":true,"href":"https:\/\/www.roubaixaujourdhuietdemain.fr\/philippedelannoy\/wp-json\/wp\/v2\/tags?post=7"}],"curies":[{"name":"wp","href":"https:\/\/api.w.org\/{rel}","templated":true}]}}