{"id":73,"date":"2016-03-24T20:06:21","date_gmt":"2016-03-24T19:06:21","guid":{"rendered":"http:\/\/www.roubaixaujourdhuietdemain.fr\/philippedelannoy\/?p=73"},"modified":"2016-03-24T21:07:06","modified_gmt":"2016-03-24T20:07:06","slug":"une-occasion-manquee","status":"publish","type":"post","link":"https:\/\/www.roubaixaujourdhuietdemain.fr\/philippedelannoy\/2016\/03\/24\/une-occasion-manquee\/","title":{"rendered":"Une occasion manqu\u00e9e"},"content":{"rendered":"<p>Ce jeudi 18h30 24 mars 2016, les roubaisiens (nes) se sont recueillis (ies) devant l&rsquo;H\u00f4tel de ville en m\u00e9moire des morts et par compassion pour des bless\u00e9s victimes des \u00ab\u00a0terroristes islamiques\u00a0\u00bb \u00e0 Bruxelles.<br \/>\nSi l&rsquo;on soustrait les officiels, nous devions \u00eatre une trentaine. Dommage pour nos cousins belges mais c&rsquo;est aussi une occasion manqu\u00e9e pour toutes les personnes de religion musulmane de marquer leur attachement \u00e0 l&rsquo;Islam de Paix en totale rupture avec l&rsquo;Islam obscure de la haine proclam\u00e9 par Dae&rsquo;ch.<\/p>\n","protected":false},"excerpt":{"rendered":"<p>Ce jeudi 18h30 24 mars 2016, les roubaisiens (nes) se sont recueillis (ies) devant l&rsquo;H\u00f4tel de ville en m\u00e9moire des morts et par compassion pour des bless\u00e9s victimes des \u00ab\u00a0terroristes islamiques\u00a0\u00bb \u00e0 Bruxelles. Si l&rsquo;on soustrait les officiels, nous devions \u00eatre une trentaine. Dommage pour nos cousins belges mais c&rsquo;est aussi une occasion manqu\u00e9e pour [&hellip;]<\/p>\n","protected":false},"author":2,"featured_media":0,"comment_status":"open","ping_status":"open","sticky":false,"template":"","format":"standard","meta":{"footnotes":""},"categories":[2],"tags":[],"class_list":["post-73","post","type-post","status-publish","format-standard","hentry","category-vivre-ensemble"],"_links":{"self":[{"href":"https:\/\/www.roubaixaujourdhuietdemain.fr\/philippedelannoy\/wp-json\/wp\/v2\/posts\/73","targetHints":{"allow":["GET"]}}],"collection":[{"href":"https:\/\/www.roubaixaujourdhuietdemain.fr\/philippedelannoy\/wp-json\/wp\/v2\/posts"}],"about":[{"href":"https:\/\/www.roubaixaujourdhuietdemain.fr\/philippedelannoy\/wp-json\/wp\/v2\/types\/post"}],"author":[{"embeddable":true,"href":"https:\/\/www.roubaixaujourdhuietdemain.fr\/philippedelannoy\/wp-json\/wp\/v2\/users\/2"}],"replies":[{"embeddable":true,"href":"https:\/\/www.roubaixaujourdhuietdemain.fr\/philippedelannoy\/wp-json\/wp\/v2\/comments?post=73"}],"version-history":[{"count":2,"href":"https:\/\/www.roubaixaujourdhuietdemain.fr\/philippedelannoy\/wp-json\/wp\/v2\/posts\/73\/revisions"}],"predecessor-version":[{"id":75,"href":"https:\/\/www.roubaixaujourdhuietdemain.fr\/philippedelannoy\/wp-json\/wp\/v2\/posts\/73\/revisions\/75"}],"wp:attachment":[{"href":"https:\/\/www.roubaixaujourdhuietdemain.fr\/philippedelannoy\/wp-json\/wp\/v2\/media?parent=73"}],"wp:term":[{"taxonomy":"category","embeddable":true,"href":"https:\/\/www.roubaixaujourdhuietdemain.fr\/philippedelannoy\/wp-json\/wp\/v2\/categories?post=73"},{"taxonomy":"post_tag","embeddable":true,"href":"https:\/\/www.roubaixaujourdhuietdemain.fr\/philippedelannoy\/wp-json\/wp\/v2\/tags?post=73"}],"curies":[{"name":"wp","href":"https:\/\/api.w.org\/{rel}","templated":true}]}}