{"id":80,"date":"2016-04-09T17:48:10","date_gmt":"2016-04-09T16:48:10","guid":{"rendered":"http:\/\/www.roubaixaujourdhuietdemain.fr\/philippedelannoy\/?p=80"},"modified":"2016-04-09T17:48:17","modified_gmt":"2016-04-09T16:48:17","slug":"ceci-merite-detre-souligne","status":"publish","type":"post","link":"https:\/\/www.roubaixaujourdhuietdemain.fr\/philippedelannoy\/2016\/04\/09\/ceci-merite-detre-souligne\/","title":{"rendered":"Ceci m\u00e9rite d&rsquo;\u00eatre soulign\u00e9"},"content":{"rendered":"<div id=\"attachment_78\" style=\"width: 187px\" class=\"wp-caption alignnone\"><a href=\"http:\/\/www.roubaixaujourdhuietdemain.fr\/philippedelannoy\/wp-content\/uploads\/2016\/04\/st\u00e8le-le-4-avril-2016.jpg\"><img loading=\"lazy\" decoding=\"async\" aria-describedby=\"caption-attachment-78\" class=\"size-medium wp-image-78\" src=\"http:\/\/www.roubaixaujourdhuietdemain.fr\/philippedelannoy\/wp-content\/uploads\/2016\/04\/st\u00e8le-le-4-avril-2016-177x300.jpg\" alt=\"Notre alerte du 5 avril st\u00e8le illisible\" width=\"177\" height=\"300\" srcset=\"https:\/\/www.roubaixaujourdhuietdemain.fr\/philippedelannoy\/wp-content\/uploads\/2016\/04\/st\u00e8le-le-4-avril-2016-177x300.jpg 177w, https:\/\/www.roubaixaujourdhuietdemain.fr\/philippedelannoy\/wp-content\/uploads\/2016\/04\/st\u00e8le-le-4-avril-2016.jpg 489w\" sizes=\"auto, (max-width: 177px) 100vw, 177px\" \/><\/a><p id=\"caption-attachment-78\" class=\"wp-caption-text\">Notre alerte du 5 avril st\u00e8le illisible<\/p><\/div>\n<div id=\"attachment_79\" style=\"width: 179px\" class=\"wp-caption alignnone\"><a href=\"http:\/\/www.roubaixaujourdhuietdemain.fr\/philippedelannoy\/wp-content\/uploads\/2016\/04\/st\u00e8le-le-9-avril-2016.jpg\"><img loading=\"lazy\" decoding=\"async\" aria-describedby=\"caption-attachment-79\" class=\"size-medium wp-image-79\" src=\"http:\/\/www.roubaixaujourdhuietdemain.fr\/philippedelannoy\/wp-content\/uploads\/2016\/04\/st\u00e8le-le-9-avril-2016-169x300.jpg\" alt=\"constat\u00e9 samedi 9 avril\" width=\"169\" height=\"300\" srcset=\"https:\/\/www.roubaixaujourdhuietdemain.fr\/philippedelannoy\/wp-content\/uploads\/2016\/04\/st\u00e8le-le-9-avril-2016-169x300.jpg 169w, https:\/\/www.roubaixaujourdhuietdemain.fr\/philippedelannoy\/wp-content\/uploads\/2016\/04\/st\u00e8le-le-9-avril-2016-576x1024.jpg 576w, https:\/\/www.roubaixaujourdhuietdemain.fr\/philippedelannoy\/wp-content\/uploads\/2016\/04\/st\u00e8le-le-9-avril-2016-624x1110.jpg 624w, https:\/\/www.roubaixaujourdhuietdemain.fr\/philippedelannoy\/wp-content\/uploads\/2016\/04\/st\u00e8le-le-9-avril-2016.jpg 816w\" sizes=\"auto, (max-width: 169px) 100vw, 169px\" \/><\/a><p id=\"caption-attachment-79\" class=\"wp-caption-text\">constat\u00e9 samedi 9 avril<\/p><\/div>\n<p>A la veille de la course \u00ab\u00a0Paris-Roubaix\u00a0\u00bb, c\u2019est mieux pour l\u2019image de la ville qui recevra \u00e0 cette occasion de nombreux m\u00e9dias.<\/p>\n<p>C\u2019est l\u2019occasion pour nous de dire combien nous remarquons les efforts de la municipalit\u00e9 en place pour am\u00e9liorer notre image au quotidien notamment au niveau de la propret\u00e9. Le travail est sans fin, il doit-\u00eatre remis constamment \u00e0 l\u2019ouvrage et compl\u00e9t\u00e9 par des actions p\u00e9dagogiques. Mais force est de constater les am\u00e9liorations et l\u2019\u00e9coute des citoyens. A l\u2019alerte discr\u00e8te que nous avons lanc\u00e9e, le Maire nous r\u00e9pond\u00a0: \u00ab\u00a0Merci pour votre vigilance\u00a0\u00bb <strong>et il agit<\/strong>. Ceci nous change de l\u2019\u00e9poque 2010 o\u00f9 nous n\u2019avions pas de r\u00e9ponse \u00e0 nos alertes sauf pour nous dire (mail du 5\/07\/2010 sign\u00e9 C.D.)\u00a0: \u00ab\u00a0\u2026 personne ne sera au garde \u00e0 vous devant vous pour obtemp\u00e9rer \u00e0 votre vindicte.\u00a0\u00bb<\/p>\n<p>\u00ab\u00a0Roubaix Aujourd\u2019hui et Demain\u00a0\u00bb aime sa ville et veut continuer sa vigilance &#8230;affaire \u00e0 suivre.<\/p>\n<p>Philippe Delannoy son Pr\u00e9sident.<\/p>\n<p>&nbsp;<\/p>\n","protected":false},"excerpt":{"rendered":"<p>A la veille de la course \u00ab\u00a0Paris-Roubaix\u00a0\u00bb, c\u2019est mieux pour l\u2019image de la ville qui recevra \u00e0 cette occasion de nombreux m\u00e9dias. C\u2019est l\u2019occasion pour nous de dire combien nous remarquons les efforts de la municipalit\u00e9 en place pour am\u00e9liorer notre image au quotidien notamment au niveau de la propret\u00e9. Le travail est sans fin, [&hellip;]<\/p>\n","protected":false},"author":2,"featured_media":0,"comment_status":"open","ping_status":"open","sticky":false,"template":"","format":"standard","meta":{"footnotes":""},"categories":[1],"tags":[],"class_list":["post-80","post","type-post","status-publish","format-standard","hentry","category-non-classe"],"_links":{"self":[{"href":"https:\/\/www.roubaixaujourdhuietdemain.fr\/philippedelannoy\/wp-json\/wp\/v2\/posts\/80","targetHints":{"allow":["GET"]}}],"collection":[{"href":"https:\/\/www.roubaixaujourdhuietdemain.fr\/philippedelannoy\/wp-json\/wp\/v2\/posts"}],"about":[{"href":"https:\/\/www.roubaixaujourdhuietdemain.fr\/philippedelannoy\/wp-json\/wp\/v2\/types\/post"}],"author":[{"embeddable":true,"href":"https:\/\/www.roubaixaujourdhuietdemain.fr\/philippedelannoy\/wp-json\/wp\/v2\/users\/2"}],"replies":[{"embeddable":true,"href":"https:\/\/www.roubaixaujourdhuietdemain.fr\/philippedelannoy\/wp-json\/wp\/v2\/comments?post=80"}],"version-history":[{"count":1,"href":"https:\/\/www.roubaixaujourdhuietdemain.fr\/philippedelannoy\/wp-json\/wp\/v2\/posts\/80\/revisions"}],"predecessor-version":[{"id":81,"href":"https:\/\/www.roubaixaujourdhuietdemain.fr\/philippedelannoy\/wp-json\/wp\/v2\/posts\/80\/revisions\/81"}],"wp:attachment":[{"href":"https:\/\/www.roubaixaujourdhuietdemain.fr\/philippedelannoy\/wp-json\/wp\/v2\/media?parent=80"}],"wp:term":[{"taxonomy":"category","embeddable":true,"href":"https:\/\/www.roubaixaujourdhuietdemain.fr\/philippedelannoy\/wp-json\/wp\/v2\/categories?post=80"},{"taxonomy":"post_tag","embeddable":true,"href":"https:\/\/www.roubaixaujourdhuietdemain.fr\/philippedelannoy\/wp-json\/wp\/v2\/tags?post=80"}],"curies":[{"name":"wp","href":"https:\/\/api.w.org\/{rel}","templated":true}]}}